{"id":1027,"date":"2018-01-19T11:57:06","date_gmt":"2018-01-19T11:57:06","guid":{"rendered":"http:\/\/www.samanotavanalla.fi\/?p=1027"},"modified":"2019-08-17T10:24:21","modified_gmt":"2019-08-17T10:24:21","slug":"kissajuttuja","status":"publish","type":"post","link":"https:\/\/www.samanotavanalla.fi\/?p=1027","title":{"rendered":"Kissajuttuja"},"content":{"rendered":"<p>T\u00e4nne tuli tosiaankin sitten lunta v\u00e4h\u00e4n reilummin ja el\u00e4m\u00e4 meni monelta totaalisesti sekaisin muutamaksi p\u00e4iv\u00e4ksi. Olin kiitollinen vapaap\u00e4ivist\u00e4 ja siit\u00e4, ett\u00e4 ei tarvinnut l\u00e4hte\u00e4 yritt\u00e4m\u00e4\u00e4n t\u00f6ihin tuolla tavallisella autolla, koska yritt\u00e4miseksi se olisi varmaan my\u00f6s j\u00e4\u00e4nyt. Nyt olisi tarvittu aika j\u00e4re\u00e4\u00e4 nelivetoa.<\/p>\n<p>V\u00e4lill\u00e4 piti k\u00e4yd\u00e4 lapioimassa lunta, mutta muuten sai olla t\u00e4\u00e4ll\u00e4 l\u00e4mpim\u00e4ss\u00e4 ja nauttia el\u00e4m\u00e4st\u00e4 kissojen seurassa.<\/p>\n<p>&nbsp;<\/p>\n<p><a href=\"http:\/\/www.samanotavanalla.fi\/wp-content\/uploads\/2018\/01\/WP_20180115_22_26_30_Pro.jpg\"><img fetchpriority=\"high\" decoding=\"async\" class=\"alignnone size-full wp-image-1332\" src=\"http:\/\/www.samanotavanalla.fi\/wp-content\/uploads\/2018\/01\/WP_20180115_22_26_30_Pro.jpg\" alt=\"\" width=\"5344\" height=\"3008\" srcset=\"https:\/\/www.samanotavanalla.fi\/wp-content\/uploads\/2018\/01\/WP_20180115_22_26_30_Pro.jpg 5344w, https:\/\/www.samanotavanalla.fi\/wp-content\/uploads\/2018\/01\/WP_20180115_22_26_30_Pro-300x169.jpg 300w, https:\/\/www.samanotavanalla.fi\/wp-content\/uploads\/2018\/01\/WP_20180115_22_26_30_Pro-768x432.jpg 768w, https:\/\/www.samanotavanalla.fi\/wp-content\/uploads\/2018\/01\/WP_20180115_22_26_30_Pro-1024x576.jpg 1024w\" sizes=\"(max-width: 5344px) 100vw, 5344px\" \/><\/a><\/p>\n<p>&nbsp;<\/p>\n<p>Niin kuin kuvasta n\u00e4kyy, nyt ollaan jo siin\u00e4 vaiheessa, ett\u00e4 n\u00e4m\u00e4 kaksi, Ivar ja Lille Venn, mahtuvat samalle sohvalle. V\u00e4h\u00e4n pit\u00e4\u00e4 olla viel\u00e4 hajurakoa, mutta hetkitt\u00e4in melkein kosketuset\u00e4isyydell\u00e4.<\/p>\n<p>Niiden yhteisel\u00e4m\u00e4 sujuu muutenkin hienosti, ja siit\u00e4 kiitos kuuluu kyll\u00e4 Lille Venille. Se on niin kiltti ja sopuisa, mutta kuitenkin psyykkisesti niin vahva ja erin\u00e4isiss\u00e4 kissatappeluissa kouliintunut, ett\u00e4 se p\u00e4rj\u00e4\u00e4 Ivarin mahtailuille.<\/p>\n<p>Kunnon kissatappeluita, joissa on otettu oikein miehest\u00e4 mittaa, on tapahtunut ehk\u00e4 kaksi kertaa. Silloinkin selvittiin vammoitta, mit\u00e4 nyt karvat v\u00e4h\u00e4n p\u00f6llysi. Muuten elet\u00e4\u00e4n sovussa, ja aika usein t\u00e4\u00e4ll\u00e4 on matot kasassa takaa-ajoleikkien j\u00e4ljilt\u00e4. Eli maassa rauha ja kissoilla hyv\u00e4 tahto.<\/p>\n<p>&nbsp;<\/p>\n<p>V\u00e4lill\u00e4 kaipaisin t\u00e4nne v\u00e4h\u00e4n my\u00f6s feminiinist\u00e4 kissaenergiaa t\u00e4ytt\u00e4m\u00e4\u00e4n Ineksen j\u00e4tt\u00e4m\u00e4\u00e4 aukkoa, mutta se ei tule onnistumaan tuon meid\u00e4n Ivarin takia. Niin hirve\u00e4n suloinen kun se onkin, niin siin\u00e4 ei ole herrasmiesainesta, eik\u00e4 se kohtele kissatytt\u00f6j\u00e4 kovin kauniisti.<\/p>\n<p>&nbsp;<\/p>\n<p>Eli jos t\u00e4nne tulee joskus viel\u00e4 toinen tytt\u00f6 itseni lis\u00e4ksi, niin sen pit\u00e4\u00e4 olla sitten koira &#8211; Ivar kun tuntuu olevan jostain syyst\u00e4 kovin ihastunut koiriin.<\/p>\n<p>&nbsp;<\/p>\n<p>Jos et tunne Lille Venin tarinaa, tai haluat viel\u00e4 palata vanhoihin juttuihin, niin se onnistuu seuraavista linkeist\u00e4:<\/p>\n<p><a href=\"http:\/\/samanotavanalla.blogspot.se\/2015\/10\/tarina-pienesta-ystavasta.html\"><span style=\"color: #993300;\">Lille Venin tarina<\/span><\/a><\/p>\n<p><a href=\"http:\/\/samanotavanalla.blogspot.se\/2016\/03\/jaljet-lumessa.html\"><span style=\"color: #993300;\">Lille Venin katoaminen<\/span><\/a><\/p>\n<p><a href=\"http:\/\/samanotavanalla.blogspot.se\/2016\/03\/hullu-kissanainen.html\"><span style=\"color: #993300;\">Lille Venin muutto<\/span><\/a><\/p>\n<p>&nbsp;<\/p>\n<p>Nyt toivotan hyv\u00e4\u00e4 viikonloppua, itsell\u00e4ni se menee taas taidekurssilla taiteillessa.<\/p>\n<p>&nbsp;<\/p>\n","protected":false},"excerpt":{"rendered":"<p>T\u00e4nne tuli tosiaankin sitten lunta v\u00e4h\u00e4n reilummin ja el\u00e4m\u00e4 meni monelta totaalisesti sekaisin muutamaksi p\u00e4iv\u00e4ksi. Olin kiitollinen vapaap\u00e4ivist\u00e4 ja siit\u00e4, ett\u00e4 ei tarvinnut l\u00e4hte\u00e4 yritt\u00e4m\u00e4\u00e4n t\u00f6ihin tuolla tavallisella autolla, koska yritt\u00e4miseksi se olisi varmaan my\u00f6s j\u00e4\u00e4nyt. Nyt olisi tarvittu aika j\u00e4re\u00e4\u00e4 nelivetoa. V\u00e4lill\u00e4 piti k\u00e4yd\u00e4 lapioimassa lunta, mutta muuten sai olla t\u00e4\u00e4ll\u00e4 l\u00e4mpim\u00e4ss\u00e4 ja nauttia el\u00e4m\u00e4st\u00e4 kissojen seurassa. &nbsp; &nbsp; Niin kuin kuvasta n\u00e4kyy, nyt ollaan jo siin\u00e4 vaiheessa, ett\u00e4 n\u00e4m\u00e4 kaksi, Ivar ja Lille Venn, mahtuvat samalle sohvalle. V\u00e4h\u00e4n pit\u00e4\u00e4 olla viel\u00e4 hajurakoa, mutta hetkitt\u00e4in melkein kosketuset\u00e4isyydell\u00e4. Niiden yhteisel\u00e4m\u00e4 sujuu muutenkin hienosti, ja siit\u00e4 kiitos kuuluu kyll\u00e4 Lille Venille. Se on niin kiltti ja sopuisa, mutta kuitenkin psyykkisesti niin vahva ja erin\u00e4isiss\u00e4 kissatappeluissa kouliintunut, ett\u00e4 se p\u00e4rj\u00e4\u00e4 Ivarin mahtailuille. Kunnon kissatappeluita, joissa on otettu oikein miehest\u00e4 mittaa, on tapahtunut ehk\u00e4 kaksi kertaa. Silloinkin selvittiin vammoitta, mit\u00e4 nyt karvat v\u00e4h\u00e4n p\u00f6llysi. Muuten elet\u00e4\u00e4n sovussa, ja aika usein t\u00e4\u00e4ll\u00e4 on matot kasassa takaa-ajoleikkien j\u00e4ljilt\u00e4. Eli maassa rauha ja kissoilla hyv\u00e4 tahto. &nbsp; V\u00e4lill\u00e4 kaipaisin t\u00e4nne v\u00e4h\u00e4n my\u00f6s feminiinist\u00e4 kissaenergiaa t\u00e4ytt\u00e4m\u00e4\u00e4n Ineksen j\u00e4tt\u00e4m\u00e4\u00e4 aukkoa, mutta se ei tule onnistumaan tuon meid\u00e4n Ivarin takia. Niin hirve\u00e4n suloinen kun se onkin, niin siin\u00e4 ei ole herrasmiesainesta, eik\u00e4 se kohtele kissatytt\u00f6j\u00e4 kovin kauniisti. &nbsp; Eli jos t\u00e4nne tulee joskus viel\u00e4 toinen tytt\u00f6 itseni lis\u00e4ksi, niin sen pit\u00e4\u00e4 olla sitten koira &#8211; Ivar kun tuntuu olevan jostain syyst\u00e4 kovin ihastunut koiriin. &nbsp; Jos et tunne Lille Venin tarinaa, tai haluat viel\u00e4 palata vanhoihin juttuihin, niin se onnistuu seuraavista linkeist\u00e4: Lille Venin tarina Lille Venin katoaminen Lille Venin muutto &nbsp; Nyt toivotan hyv\u00e4\u00e4 viikonloppua, itsell\u00e4ni se menee taas taidekurssilla taiteillessa. &nbsp;<\/p>\n","protected":false},"author":1,"featured_media":1332,"comment_status":"open","ping_status":"open","sticky":false,"template":"","format":"standard","meta":{"footnotes":""},"categories":[47],"tags":[68,67],"class_list":["post-1027","post","type-post","status-publish","format-standard","has-post-thumbnail","hentry","category-elamaa","tag-elaimet","tag-kissat"],"acf":[],"_links":{"self":[{"href":"https:\/\/www.samanotavanalla.fi\/index.php?rest_route=\/wp\/v2\/posts\/1027","targetHints":{"allow":["GET"]}}],"collection":[{"href":"https:\/\/www.samanotavanalla.fi\/index.php?rest_route=\/wp\/v2\/posts"}],"about":[{"href":"https:\/\/www.samanotavanalla.fi\/index.php?rest_route=\/wp\/v2\/types\/post"}],"author":[{"embeddable":true,"href":"https:\/\/www.samanotavanalla.fi\/index.php?rest_route=\/wp\/v2\/users\/1"}],"replies":[{"embeddable":true,"href":"https:\/\/www.samanotavanalla.fi\/index.php?rest_route=%2Fwp%2Fv2%2Fcomments&post=1027"}],"version-history":[{"count":9,"href":"https:\/\/www.samanotavanalla.fi\/index.php?rest_route=\/wp\/v2\/posts\/1027\/revisions"}],"predecessor-version":[{"id":2318,"href":"https:\/\/www.samanotavanalla.fi\/index.php?rest_route=\/wp\/v2\/posts\/1027\/revisions\/2318"}],"wp:featuredmedia":[{"embeddable":true,"href":"https:\/\/www.samanotavanalla.fi\/index.php?rest_route=\/wp\/v2\/media\/1332"}],"wp:attachment":[{"href":"https:\/\/www.samanotavanalla.fi\/index.php?rest_route=%2Fwp%2Fv2%2Fmedia&parent=1027"}],"wp:term":[{"taxonomy":"category","embeddable":true,"href":"https:\/\/www.samanotavanalla.fi\/index.php?rest_route=%2Fwp%2Fv2%2Fcategories&post=1027"},{"taxonomy":"post_tag","embeddable":true,"href":"https:\/\/www.samanotavanalla.fi\/index.php?rest_route=%2Fwp%2Fv2%2Ftags&post=1027"}],"curies":[{"name":"wp","href":"https:\/\/api.w.org\/{rel}","templated":true}]}}