{"id":1509,"date":"2018-10-13T07:58:03","date_gmt":"2018-10-13T07:58:03","guid":{"rendered":"http:\/\/www.samanotavanalla.fi\/?p=1509"},"modified":"2019-03-03T13:19:41","modified_gmt":"2019-03-03T13:19:41","slug":"elaman-paradokseja","status":"publish","type":"post","link":"https:\/\/www.samanotavanalla.fi\/?p=1509","title":{"rendered":"El\u00e4m\u00e4n paradokseja"},"content":{"rendered":"<p>El\u00e4m\u00e4ss\u00e4 on nyky\u00e4\u00e4n tosi usein hetki\u00e4, jolloin seison ikkunassa katselemassa lintuja, nojailen portailla odottamassa kissoja sis\u00e4lle, tai istun sohvalla takkatulen \u00e4\u00e4ress\u00e4 vain hengitt\u00e4m\u00e4ss\u00e4 ja ihmettelen t\u00e4t\u00e4 uutta kotiani.<\/p>\n<p>Siit\u00e4 huolimatta saan enemm\u00e4n aikaiseksi kuin pitk\u00e4\u00e4n aikaan. Ja tunnen itseni onnellisemmaksi ja tyytyv\u00e4isemm\u00e4ksi kuin aikoihin. Se on aika mielenkiintoinen yht\u00e4l\u00f6 oikeastaan. Tai paradoksi, koska eih\u00e4n sen niin pit\u00e4isi menn\u00e4, ett\u00e4 laiskottelemalla ty\u00f6t hoituu.<\/p>\n<p>En oikein osaa selitt\u00e4\u00e4, miksi n\u00e4in oikein on. Varmaan kyse on pohjimmiltaan siit\u00e4, ett\u00e4 el\u00e4m\u00e4 tarjoaa nyky\u00e4\u00e4n niin paljon mahdollisuuksia minimeditaatioihin ihan arjessa, ett\u00e4 mieli rauhoittuu.<\/p>\n<p>Puiden pilkkominen ja uunin sytytt\u00e4minen pakottaa pys\u00e4htym\u00e4\u00e4n, koska aika moni varmaan tiet\u00e4\u00e4, mit\u00e4 tapahtuu, jos pilkkoo polttopuita kiireell\u00e4 ja hampaat irvess\u00e4 tai yritt\u00e4\u00e4 k\u00e4rsim\u00e4tt\u00f6m\u00e4sti sytytt\u00e4\u00e4 takkaa tai hellaa?<\/p>\n<p>&#8221;Ennen valaistumista pilko halkoja ja kanna vett\u00e4, valaistumisen j\u00e4lkeen, pilko halkoja ja kanna vett\u00e4&#8221; sanoo tunnettu zenil\u00e4inen sananlasku.<\/p>\n<p><a href=\"https:\/\/www.samanotavanalla.fi\/wp-content\/uploads\/2018\/10\/WP_20180928_08_59_48_Pro.jpg\"><img fetchpriority=\"high\" decoding=\"async\" class=\"alignnone size-full wp-image-1498\" src=\"https:\/\/www.samanotavanalla.fi\/wp-content\/uploads\/2018\/10\/WP_20180928_08_59_48_Pro.jpg\" alt=\"\" width=\"5344\" height=\"3008\" srcset=\"https:\/\/www.samanotavanalla.fi\/wp-content\/uploads\/2018\/10\/WP_20180928_08_59_48_Pro.jpg 5344w, https:\/\/www.samanotavanalla.fi\/wp-content\/uploads\/2018\/10\/WP_20180928_08_59_48_Pro-300x169.jpg 300w, https:\/\/www.samanotavanalla.fi\/wp-content\/uploads\/2018\/10\/WP_20180928_08_59_48_Pro-768x432.jpg 768w, https:\/\/www.samanotavanalla.fi\/wp-content\/uploads\/2018\/10\/WP_20180928_08_59_48_Pro-1024x576.jpg 1024w\" sizes=\"(max-width: 5344px) 100vw, 5344px\" \/><\/a><\/p>\n<p>Olen kaukana valaistumisesta, mutta tuohon sanontaan on tullut nyky\u00e4\u00e4n jotain ihan uutta syvyytt\u00e4. Se on niin totta. Onnen ja tasapainon avaimet on oikeasti niin l\u00e4hell\u00e4.<\/p>\n<p>Pahimmassa tapauksessa me juostaan l\u00e4pi el\u00e4m\u00e4n katsomatta sivuille eik\u00e4 muisteta hetkeksik\u00e4\u00e4n pys\u00e4hty\u00e4 el\u00e4m\u00e4n \u00e4\u00e4relle. Ja sitten er\u00e4\u00e4n\u00e4 p\u00e4iv\u00e4n\u00e4: siin\u00e4k\u00f6 se sitten oli?<\/p>\n<p>Kovalla vauhdilla me saatetaan p\u00e4\u00e4st\u00e4 pitk\u00e4lle, mutta maisemat j\u00e4\u00e4 kyll\u00e4 n\u00e4kem\u00e4tt\u00e4. Ja se el\u00e4m\u00e4n taika on kun on niiss\u00e4 pieniss\u00e4 hetkiss\u00e4 ja yksityiskohdissa.<\/p>\n<p>Aika on arvokasta, mutta siin\u00e4 on sellainen paradoksi, ett\u00e4 jos me vain juostaan ja suoritetaan, niin <em>juuri silloin<\/em> aika menee meilt\u00e4 hukkaan.<\/p>\n<p>Joten muistetaan my\u00f6s pys\u00e4hty\u00e4. Hengitet\u00e4\u00e4n syv\u00e4\u00e4n. N\u00e4hd\u00e4\u00e4n, kuullaan, haistetaan, maistetaan. Ja kohdataan toiset ihan oikeasti. Ainakin aina v\u00e4lill\u00e4.<\/p>\n<p>&nbsp;<\/p>\n<p>Hyv\u00e4\u00e4 viikonloppua!<\/p>\n","protected":false},"excerpt":{"rendered":"<p>El\u00e4m\u00e4ss\u00e4 on nyky\u00e4\u00e4n tosi usein hetki\u00e4, jolloin seison ikkunassa katselemassa lintuja, nojailen portailla odottamassa kissoja sis\u00e4lle, tai istun sohvalla takkatulen \u00e4\u00e4ress\u00e4 vain hengitt\u00e4m\u00e4ss\u00e4 ja ihmettelen t\u00e4t\u00e4 uutta kotiani. Siit\u00e4 huolimatta saan enemm\u00e4n aikaiseksi kuin pitk\u00e4\u00e4n aikaan. Ja tunnen itseni onnellisemmaksi ja tyytyv\u00e4isemm\u00e4ksi kuin aikoihin. Se on aika mielenkiintoinen yht\u00e4l\u00f6 oikeastaan. Tai paradoksi, koska eih\u00e4n sen niin pit\u00e4isi menn\u00e4, ett\u00e4 laiskottelemalla ty\u00f6t hoituu. En oikein osaa selitt\u00e4\u00e4, miksi n\u00e4in oikein on. Varmaan kyse on pohjimmiltaan siit\u00e4, ett\u00e4 el\u00e4m\u00e4 tarjoaa nyky\u00e4\u00e4n niin paljon mahdollisuuksia minimeditaatioihin ihan arjessa, ett\u00e4 mieli rauhoittuu. Puiden pilkkominen ja uunin sytytt\u00e4minen pakottaa pys\u00e4htym\u00e4\u00e4n, koska aika moni varmaan tiet\u00e4\u00e4, mit\u00e4 tapahtuu, jos pilkkoo polttopuita kiireell\u00e4 ja hampaat irvess\u00e4 tai yritt\u00e4\u00e4 k\u00e4rsim\u00e4tt\u00f6m\u00e4sti sytytt\u00e4\u00e4 takkaa tai hellaa? &#8221;Ennen valaistumista pilko halkoja ja kanna vett\u00e4, valaistumisen j\u00e4lkeen, pilko halkoja ja kanna vett\u00e4&#8221; sanoo tunnettu zenil\u00e4inen sananlasku. Olen kaukana valaistumisesta, mutta tuohon sanontaan on tullut nyky\u00e4\u00e4n jotain ihan uutta syvyytt\u00e4. Se on niin totta. Onnen ja tasapainon avaimet on oikeasti niin l\u00e4hell\u00e4. Pahimmassa tapauksessa me juostaan l\u00e4pi el\u00e4m\u00e4n katsomatta sivuille eik\u00e4 muisteta hetkeksik\u00e4\u00e4n pys\u00e4hty\u00e4 el\u00e4m\u00e4n \u00e4\u00e4relle. Ja sitten er\u00e4\u00e4n\u00e4 p\u00e4iv\u00e4n\u00e4: siin\u00e4k\u00f6 se sitten oli? Kovalla vauhdilla me saatetaan p\u00e4\u00e4st\u00e4 pitk\u00e4lle, mutta maisemat j\u00e4\u00e4 kyll\u00e4 n\u00e4kem\u00e4tt\u00e4. Ja se el\u00e4m\u00e4n taika on kun on niiss\u00e4 pieniss\u00e4 hetkiss\u00e4 ja yksityiskohdissa. Aika on arvokasta, mutta siin\u00e4 on sellainen paradoksi, ett\u00e4 jos me vain juostaan ja suoritetaan, niin juuri silloin aika menee meilt\u00e4 hukkaan. Joten muistetaan my\u00f6s pys\u00e4hty\u00e4. Hengitet\u00e4\u00e4n syv\u00e4\u00e4n. N\u00e4hd\u00e4\u00e4n, kuullaan, haistetaan, maistetaan. Ja kohdataan toiset ihan oikeasti. Ainakin aina v\u00e4lill\u00e4. &nbsp; Hyv\u00e4\u00e4 viikonloppua!<\/p>\n","protected":false},"author":1,"featured_media":1510,"comment_status":"open","ping_status":"open","sticky":false,"template":"","format":"standard","meta":{"footnotes":""},"categories":[12,1],"tags":[52,53,15],"class_list":["post-1509","post","type-post","status-publish","format-standard","has-post-thumbnail","hentry","category-mieli","category-uncategorized","tag-elamaa","tag-hidastaminen","tag-mieli"],"acf":[],"_links":{"self":[{"href":"https:\/\/www.samanotavanalla.fi\/index.php?rest_route=\/wp\/v2\/posts\/1509","targetHints":{"allow":["GET"]}}],"collection":[{"href":"https:\/\/www.samanotavanalla.fi\/index.php?rest_route=\/wp\/v2\/posts"}],"about":[{"href":"https:\/\/www.samanotavanalla.fi\/index.php?rest_route=\/wp\/v2\/types\/post"}],"author":[{"embeddable":true,"href":"https:\/\/www.samanotavanalla.fi\/index.php?rest_route=\/wp\/v2\/users\/1"}],"replies":[{"embeddable":true,"href":"https:\/\/www.samanotavanalla.fi\/index.php?rest_route=%2Fwp%2Fv2%2Fcomments&post=1509"}],"version-history":[{"count":12,"href":"https:\/\/www.samanotavanalla.fi\/index.php?rest_route=\/wp\/v2\/posts\/1509\/revisions"}],"predecessor-version":[{"id":1852,"href":"https:\/\/www.samanotavanalla.fi\/index.php?rest_route=\/wp\/v2\/posts\/1509\/revisions\/1852"}],"wp:featuredmedia":[{"embeddable":true,"href":"https:\/\/www.samanotavanalla.fi\/index.php?rest_route=\/wp\/v2\/media\/1510"}],"wp:attachment":[{"href":"https:\/\/www.samanotavanalla.fi\/index.php?rest_route=%2Fwp%2Fv2%2Fmedia&parent=1509"}],"wp:term":[{"taxonomy":"category","embeddable":true,"href":"https:\/\/www.samanotavanalla.fi\/index.php?rest_route=%2Fwp%2Fv2%2Fcategories&post=1509"},{"taxonomy":"post_tag","embeddable":true,"href":"https:\/\/www.samanotavanalla.fi\/index.php?rest_route=%2Fwp%2Fv2%2Ftags&post=1509"}],"curies":[{"name":"wp","href":"https:\/\/api.w.org\/{rel}","templated":true}]}}