{"id":1518,"date":"2018-12-21T10:51:23","date_gmt":"2018-12-21T10:51:23","guid":{"rendered":"http:\/\/www.samanotavanalla.fi\/?p=1518"},"modified":"2019-08-16T16:36:11","modified_gmt":"2019-08-16T16:36:11","slug":"suuri-suunnitelma","status":"publish","type":"post","link":"https:\/\/www.samanotavanalla.fi\/?p=1518","title":{"rendered":"Suuri suunnitelma"},"content":{"rendered":"<p>Olen miettinyt monta kertaa, kerronko t\u00e4m\u00e4n tarinan t\u00e4\u00e4ll\u00e4. Jotkin asiat kun ovat liian henkil\u00f6kohtaisia kerrottavaksi, ja ne saattavat menett\u00e4\u00e4 maagisuuttaan ja ihmeellisyytt\u00e4\u00e4n, kun ne kerrotaan ja puhutaan \u00e4\u00e4neen. Ihmeet saattavat muuttua banaaleiksi h\u00f6p\u00f6 h\u00f6p\u00f6-jutuiksi. Otan kuitenkin riskin. Uskokaa tai \u00e4lk\u00e4\u00e4, mutta n\u00e4in se meni.<\/p>\n<p>Olen tiennyt t\u00e4m\u00e4n talon, jossa aion ihan kohta viett\u00e4\u00e4 ensimm\u00e4isen jouluni, jo pitk\u00e4\u00e4n ja ajanut t\u00e4st\u00e4 lukuisia kertoja ohi. Todennut monta kertaa, miten ihana paikka t\u00e4m\u00e4 on. Olen jopa k\u00e4ynyt t\u00e4\u00e4ll\u00e4 sis\u00e4ll\u00e4 ostamassa vuosikortin puomin takaa alkavalle yksityistielle.<\/p>\n<p>Tiesin, ett\u00e4 edellinen asukas on muuttanut t\u00e4st\u00e4 pois, mutta luulin ett\u00e4 t\u00e4ss\u00e4 on uudet asukkaat. En ollut ajatellut t\u00e4t\u00e4 paikkaa koskaan sen kummemmin, saati haaveillut t\u00e4st\u00e4. Sain jo noin vuosi sitten tiet\u00e4\u00e4, ett\u00e4 my\u00f6s t\u00e4m\u00e4n paikan omisti silloiset vuokranantajani, mutta en ollut koskaan puhunut paikasta heid\u00e4n kanssaan. Hullun lumitalven v\u00e4sytt\u00e4m\u00e4n\u00e4 olin kev\u00e4\u00e4ll\u00e4 <span style=\"color: #993300;\"><a style=\"color: #993300;\" href=\"https:\/\/www.samanotavanalla.fi\/?p=1170\">muuttamassa Sk\u00e5neen,<\/a><\/span> jos muistatte.<\/p>\n<p>Er\u00e4\u00e4n\u00e4 iltana viime maaliskuussa meditoin, niin kuin joskus aina teen. Yht\u00e4kki\u00e4 t\u00e4m\u00e4n talon kuva tuli silmieni eteen. Se ei ollut ajatus, vaan ihan kuin joku olisi nostanut A4- paperiarkin eteeni. N\u00e4in sen tosi selv\u00e4sti ja voimakkaasti. Mutta yht\u00e4 nopeasti kuva oli poissa. Olipa outoa, ajattelin. Miksi juuri tuo talo. En ollut edes ajellut t\u00e4\u00e4ll\u00e4 yli puoleen vuoteen, koska en liikkunut t\u00e4\u00e4ll\u00e4 koskaan talvella. Mutta en ajatellut asiaa sen enemp\u00e4\u00e4.<\/p>\n<p>Seuraavana p\u00e4iv\u00e4n\u00e4 olin t\u00f6iss\u00e4. Yksi asukkaistamme etsi taloa naapurikyl\u00e4st\u00e4, ja menin katsomaan vuokrailmoituksia netist\u00e4. Ja kuinka ollakaan, ilmoitus t\u00e4st\u00e4 talosta oli tullut nettiin. &#8221;Tossa se talo nyt taas on&#8221;, ajattelin.\u00a0 Yhteensattuma ole sen verran kummallinen, ett\u00e4 ajattelin, ett\u00e4 pakko kai t\u00e4h\u00e4n on nyt jotenkin reagoida. Oikeastaan ajatus ei edes tuntunut ollenkaan realistiselta tai ajankohtaiselta. Soitin kuitenkin samana iltana vuokrais\u00e4nn\u00e4lleni.<\/p>\n<p>&nbsp;<\/p>\n<p><a href=\"https:\/\/www.samanotavanalla.fi\/wp-content\/uploads\/2018\/03\/WP_20180314_10_02_02_Pro.jpg\"><img fetchpriority=\"high\" decoding=\"async\" class=\"alignnone size-full wp-image-1261\" src=\"https:\/\/www.samanotavanalla.fi\/wp-content\/uploads\/2018\/03\/WP_20180314_10_02_02_Pro.jpg\" alt=\"\" width=\"5344\" height=\"3008\" srcset=\"https:\/\/www.samanotavanalla.fi\/wp-content\/uploads\/2018\/03\/WP_20180314_10_02_02_Pro.jpg 5344w, https:\/\/www.samanotavanalla.fi\/wp-content\/uploads\/2018\/03\/WP_20180314_10_02_02_Pro-300x169.jpg 300w, https:\/\/www.samanotavanalla.fi\/wp-content\/uploads\/2018\/03\/WP_20180314_10_02_02_Pro-768x432.jpg 768w, https:\/\/www.samanotavanalla.fi\/wp-content\/uploads\/2018\/03\/WP_20180314_10_02_02_Pro-1024x576.jpg 1024w\" sizes=\"(max-width: 5344px) 100vw, 5344px\" \/><\/a><\/p>\n<p>&#8221;Joo, k\u00e4y vaan katsomassa&#8221;, sanoi vuokrais\u00e4nt\u00e4ni. Mutta aika pian tuli selv\u00e4ksi, ett\u00e4 he eiv\u00e4t halunneet vuokrata t\u00e4t\u00e4 minulle, vaan toivoivat t\u00e4nne nuorta lapsiperhett\u00e4. Eiv\u00e4tk\u00e4 toisaalta halunneet minun muuttavan pois siit\u00e4 edellisest\u00e4 asunnosta, koska olin autellut niin paljon hevosten kanssa. Talon avainta ei l\u00f6ytynyt ainakaan kolmeen viikkoon, ett\u00e4 olisin p\u00e4\u00e4ssyt t\u00e4nne sis\u00e4lle asti.<\/p>\n<p>Er\u00e4\u00e4n\u00e4 aurinkoisena p\u00e4iv\u00e4n\u00e4 ajoin kuitenkin t\u00e4nne. Kun astuin autosta ulos ja k\u00e4velin t\u00e4h\u00e4n pihaan, purskahdin itkuun, tunnereaktio oli kummallisen voimakas ja aika ep\u00e4tyypillinen minulle. Mutta sekin tunne vain tuli, ja meni sitten yht\u00e4 nopeasti ohi. Se oli kuitenkin tosi outoa ja olin v\u00e4h\u00e4n h\u00e4mill\u00e4ni.\u00a0 Kiertelin ja kaartelin pihassa. Sis\u00e4lle en p\u00e4\u00e4ssyt, enk\u00e4 voinut kurkkia edes ikkunoista, koska lunta oli niin paljon.<\/p>\n<p>&nbsp;<\/p>\n<p><a href=\"https:\/\/www.samanotavanalla.fi\/wp-content\/uploads\/2018\/03\/WP_20180314_10_01_55_Pro.jpg\"><img decoding=\"async\" class=\"alignnone size-full wp-image-1262\" src=\"https:\/\/www.samanotavanalla.fi\/wp-content\/uploads\/2018\/03\/WP_20180314_10_01_55_Pro.jpg\" alt=\"\" width=\"5344\" height=\"3008\" srcset=\"https:\/\/www.samanotavanalla.fi\/wp-content\/uploads\/2018\/03\/WP_20180314_10_01_55_Pro.jpg 5344w, https:\/\/www.samanotavanalla.fi\/wp-content\/uploads\/2018\/03\/WP_20180314_10_01_55_Pro-300x169.jpg 300w, https:\/\/www.samanotavanalla.fi\/wp-content\/uploads\/2018\/03\/WP_20180314_10_01_55_Pro-768x432.jpg 768w, https:\/\/www.samanotavanalla.fi\/wp-content\/uploads\/2018\/03\/WP_20180314_10_01_55_Pro-1024x576.jpg 1024w\" sizes=\"(max-width: 5344px) 100vw, 5344px\" \/><\/a><\/p>\n<p>Kun lopulta p\u00e4\u00e4sin t\u00e4nne sis\u00e4lle asti, en ollut hirvitt\u00e4v\u00e4n vaikuttunut. Talossa oli kylm\u00e4\u00e4, tunkkaista ja sotkuista. Keitti\u00f6 oli revitty ja joka paikka oli t\u00e4ynn\u00e4 rakennustarvikkeita. Talossa oli v\u00e4h\u00e4n outoja ratkaisuja ja aika v\u00e4h\u00e4n ihan alkuper\u00e4ist\u00e4. Puuta kyll\u00e4, mutta ei vanhoja hirsiseini\u00e4 tai vanhoja lankkulattioita. Siin\u00e4 vaiheessa ei en\u00e4\u00e4 tullut mit\u00e4\u00e4n tunnereaktioita, vaan pikemminkin v\u00e4h\u00e4n ep\u00e4ilytti. Olin v\u00e4h\u00e4n pettynytkin.<\/p>\n<p>Kev\u00e4t eteni. Asia ei mennyt eteenp\u00e4in. Vuokrais\u00e4nn\u00e4t ep\u00e4r\u00f6iv\u00e4t ja min\u00e4 ep\u00e4r\u00f6in. Sitten tuli onnettomuus, jossa loukkasin selk\u00e4ni. Olin ihan varma, ett\u00e4 selk\u00e4vaivaisena en voisi t\u00e4nne muuttaa. Kaksi kertaa p\u00e4\u00e4tin ilmoittaa vuokranantajilleni, ett\u00e4 unohtakaa koko juttu &#8211; en ole kiinnostunut. Mutta molemmilla kerroilla tapahtui jotain, joka esti minua tekem\u00e4st\u00e4 sit\u00e4.<\/p>\n<p>Vuokranantajani ilmoittelivat t\u00e4st\u00e4 talosta v\u00e4h\u00e4n siell\u00e4 ja t\u00e4\u00e4ll\u00e4, etsiv\u00e4t tosissaan, mutta vuokralaisia ei vain l\u00f6ytynyt. Tai ainakaan sit\u00e4 toivottua lapsiperhett\u00e4. Itse annoin asian roikkua ilmassa, ajattelin, ett\u00e4 <span style=\"color: #993300;\"><a style=\"color: #993300;\" href=\"https:\/\/www.samanotavanalla.fi\/?p=1302\">jos se on niin tarkoitettu<\/a><\/span>, niin asia ratkeaa kyll\u00e4 parhain p\u00e4in.<\/p>\n<p>&nbsp;<\/p>\n<p>&#8221;<em>Silloin kuin v\u00e4h\u00e4n kaikki on t\u00e4llaisessa ep\u00e4varmuuden tilassa, on hyv\u00e4 tilaisuus harjoitella k\u00e4rsiv\u00e4llisyytt\u00e4. Antaa ajan kulua ja asioiden kehitty\u00e4 omalla painollaan. On nimitt\u00e4in aikoja, jolloin pit\u00e4\u00e4 reagoida ja puskea eteenp\u00e4in, mutta joskus pit\u00e4\u00e4 vain kellua ja antaa virran vied\u00e4. Ei olla passiivinen, mutta luottaa siihen, ett\u00e4 pinnan alla tapahtuu kyll\u00e4.<\/em><\/p>\n<p><em>Ja kun asiat sitten yhten\u00e4 p\u00e4iv\u00e4n\u00e4 nytk\u00e4ht\u00e4v\u00e4t taas liikkeelle, on aika toimia ja olla aktiivinen.&#8221; (24.4. -18)<\/em><\/p>\n<p>&nbsp;<\/p>\n<p>Sin\u00e4 aikana selk\u00e4ni kuntoutui ihmeellisen hyvin. R\u00f6ntgenkuvissa n\u00e4kyi kuitenkin yll\u00e4tyksekseni osteoporoosia ja ajattelin ensin, ett\u00e4 se oli viimeinen niitti &#8211; en voisi muuttaa yksin taloon, jossa pit\u00e4\u00e4 olla kykenev\u00e4 tekem\u00e4\u00e4n polttopuita ja lumit\u00f6it\u00e4. Kunnes er\u00e4\u00e4n\u00e4 p\u00e4iv\u00e4n\u00e4 ajatus k\u00e4\u00e4ntyi ihan p\u00e4\u00e4laelleen: juuri nyt minun t\u00e4ytyy t\u00e4nne muuttaa. Ehk\u00e4 t\u00e4m\u00e4 talo t\u00f6ineen pelastaa terveyteni, eik\u00e4 suinkaan tuhoa sit\u00e4. Ja niin ajatus t\u00e4nne muutosta kypsyi v\u00e4hitellen suunnitelmaksi. Paljastin lopulliset aikeeni t\u00e4\u00e4ll\u00e4 blogissa vasta <a href=\"http:\/\/www.samanotavanalla.fi\/?p=1408\"><span style=\"color: #993300;\">toukokuun loppupuolella<\/span><\/a><span style=\"color: #993300;\">.<\/span><\/p>\n<p><a href=\"https:\/\/www.samanotavanalla.fi\/wp-content\/uploads\/2018\/05\/WP_20180518_19_25_28_Pro.jpg\"><img decoding=\"async\" class=\"alignnone size-full wp-image-1411\" src=\"https:\/\/www.samanotavanalla.fi\/wp-content\/uploads\/2018\/05\/WP_20180518_19_25_28_Pro.jpg\" alt=\"\" width=\"5344\" height=\"3008\" srcset=\"https:\/\/www.samanotavanalla.fi\/wp-content\/uploads\/2018\/05\/WP_20180518_19_25_28_Pro.jpg 5344w, https:\/\/www.samanotavanalla.fi\/wp-content\/uploads\/2018\/05\/WP_20180518_19_25_28_Pro-300x169.jpg 300w, https:\/\/www.samanotavanalla.fi\/wp-content\/uploads\/2018\/05\/WP_20180518_19_25_28_Pro-768x432.jpg 768w, https:\/\/www.samanotavanalla.fi\/wp-content\/uploads\/2018\/05\/WP_20180518_19_25_28_Pro-1024x576.jpg 1024w\" sizes=\"(max-width: 5344px) 100vw, 5344px\" \/><\/a><\/p>\n<p>Kun mietin t\u00e4nne muuttamista, pelko huusi korvaani. Ja niin tekiv\u00e4t my\u00f6s ne ihmiset, joille t\u00e4st\u00e4 kerroin. Mit\u00e4 jos?<\/p>\n<p>&nbsp;<\/p>\n<p><em>&#8221;Mit\u00e4 jos, varoitteli muutama. Mites sitten talvella? Mit\u00e4 jos on paljon lunta? Mit\u00e4 jos on kylm\u00e4? Mit\u00e4 jos on yksin\u00e4ist\u00e4 ja pime\u00e4\u00e4? Se j\u00e4\u00e4 n\u00e4ht\u00e4v\u00e4ksi. Mutta mit\u00e4 jos t\u00e4m\u00e4 onkin el\u00e4m\u00e4ni paras p\u00e4\u00e4t\u00f6s? Sit\u00e4h\u00e4n ei nimitt\u00e4in tied\u00e4, ellei kokeile.&#8221; (20.5.-18)<\/em><\/p>\n<p>&nbsp;<\/p>\n<p>Nyt olen el\u00e4nyt t\u00e4\u00e4ll\u00e4 sen vuoden pimeimm\u00e4n ajan. Kunnon pakkasetkin olen kokenut, samoin lumen. Viel\u00e4 on talvea j\u00e4ljell\u00e4, mutta kaikki pelkoni ovat toistaiseksi osoittautuneet turhiksi tai ainakin huomattavan liioitelluiksi. El\u00e4m\u00e4 t\u00e4\u00e4ll\u00e4 tuntuu hyv\u00e4lt\u00e4.<\/p>\n<p>N\u00e4in t\u00e4m\u00e4n kuului menn\u00e4. Me voimme itse tietenkin suunnitella el\u00e4m\u00e4\u00e4mme, mutta jotkin asiat on vain jostain syyst\u00e4 tarkoitettu tapahtuvaksi. Jos emme n\u00e4e hienovaraisia merkkej\u00e4, niin meille saatetaan v\u00e4\u00e4nt\u00e4\u00e4 asiat rautalangasta, niin kuin k\u00e4vi t\u00e4m\u00e4n talon tapauksessa. Ei tullut muuttoa Ruotsiin ja Sk\u00e5neen, vaan t\u00e4nne viel\u00e4 kauemmaksi mets\u00e4n reunaan, hankien keskelle.<\/p>\n<p>No, en tied\u00e4 miksi t\u00e4nne muutin ja mik\u00e4 sen tarkoitus on, eik\u00e4 minulla ole oikeastaan tarvettakaan tiet\u00e4\u00e4. Tunnen olevani juuri oikeassa paikassa ja se riitt\u00e4\u00e4. Edess\u00e4 on ensimm\u00e4inen jouluni t\u00e4\u00e4ll\u00e4, takassa roihuaa tuli ja kissat kehr\u00e4\u00e4 sohvalla. Tunnen olevani turvassa ja t\u00e4ss\u00e4 on nyt hyv\u00e4.<\/p>\n<p>&nbsp;<\/p>\n<p><a href=\"https:\/\/www.samanotavanalla.fi\/wp-content\/uploads\/2018\/12\/WP_20181218_15_49_15_Pro-1.jpg\"><img loading=\"lazy\" decoding=\"async\" class=\"alignnone size-full wp-image-1692\" src=\"https:\/\/www.samanotavanalla.fi\/wp-content\/uploads\/2018\/12\/WP_20181218_15_49_15_Pro-1.jpg\" alt=\"\" width=\"5344\" height=\"3008\" srcset=\"https:\/\/www.samanotavanalla.fi\/wp-content\/uploads\/2018\/12\/WP_20181218_15_49_15_Pro-1.jpg 5344w, https:\/\/www.samanotavanalla.fi\/wp-content\/uploads\/2018\/12\/WP_20181218_15_49_15_Pro-1-300x169.jpg 300w, https:\/\/www.samanotavanalla.fi\/wp-content\/uploads\/2018\/12\/WP_20181218_15_49_15_Pro-1-768x432.jpg 768w, https:\/\/www.samanotavanalla.fi\/wp-content\/uploads\/2018\/12\/WP_20181218_15_49_15_Pro-1-1024x576.jpg 1024w, https:\/\/www.samanotavanalla.fi\/wp-content\/uploads\/2018\/12\/WP_20181218_15_49_15_Pro-1-533x300.jpg 533w\" sizes=\"(max-width: 5344px) 100vw, 5344px\" \/><\/a><\/p>\n<p>&nbsp;<\/p>\n<p>Hyv\u00e4\u00e4 talvip\u00e4iv\u00e4n seisausta, huomenna menn\u00e4\u00e4n jo taas kohti kev\u00e4tt\u00e4. Ja nyt stressin keskell\u00e4: muistakaa tehd\u00e4 se joulu ennen kaikkea sinne syd\u00e4meen.<\/p>\n","protected":false},"excerpt":{"rendered":"<p>Olen miettinyt monta kertaa, kerronko t\u00e4m\u00e4n tarinan t\u00e4\u00e4ll\u00e4. Jotkin asiat kun ovat liian henkil\u00f6kohtaisia kerrottavaksi, ja ne saattavat menett\u00e4\u00e4 maagisuuttaan ja ihmeellisyytt\u00e4\u00e4n, kun ne kerrotaan ja puhutaan \u00e4\u00e4neen. Ihmeet saattavat muuttua banaaleiksi h\u00f6p\u00f6 h\u00f6p\u00f6-jutuiksi. Otan kuitenkin riskin. Uskokaa tai \u00e4lk\u00e4\u00e4, mutta n\u00e4in se meni. Olen tiennyt t\u00e4m\u00e4n talon, jossa aion ihan kohta viett\u00e4\u00e4 ensimm\u00e4isen jouluni, jo pitk\u00e4\u00e4n ja ajanut t\u00e4st\u00e4 lukuisia kertoja ohi. Todennut monta kertaa, miten ihana paikka t\u00e4m\u00e4 on. Olen jopa k\u00e4ynyt t\u00e4\u00e4ll\u00e4 sis\u00e4ll\u00e4 ostamassa vuosikortin puomin takaa alkavalle yksityistielle. Tiesin, ett\u00e4 edellinen asukas on muuttanut t\u00e4st\u00e4 pois, mutta luulin ett\u00e4 t\u00e4ss\u00e4 on uudet asukkaat. En ollut ajatellut t\u00e4t\u00e4 paikkaa koskaan sen kummemmin, saati haaveillut t\u00e4st\u00e4. Sain jo noin vuosi sitten tiet\u00e4\u00e4, ett\u00e4 my\u00f6s t\u00e4m\u00e4n paikan omisti silloiset vuokranantajani, mutta en ollut koskaan puhunut paikasta heid\u00e4n kanssaan. Hullun lumitalven v\u00e4sytt\u00e4m\u00e4n\u00e4 olin kev\u00e4\u00e4ll\u00e4 muuttamassa Sk\u00e5neen, jos muistatte. Er\u00e4\u00e4n\u00e4 iltana viime maaliskuussa meditoin, niin kuin joskus aina teen. Yht\u00e4kki\u00e4 t\u00e4m\u00e4n talon kuva tuli silmieni eteen. Se ei ollut ajatus, vaan ihan kuin joku olisi nostanut A4- paperiarkin eteeni. N\u00e4in sen tosi selv\u00e4sti ja voimakkaasti. Mutta yht\u00e4 nopeasti kuva oli poissa. Olipa outoa, ajattelin. Miksi juuri tuo talo. En ollut edes ajellut t\u00e4\u00e4ll\u00e4 yli puoleen vuoteen, koska en liikkunut t\u00e4\u00e4ll\u00e4 koskaan talvella. Mutta en ajatellut asiaa sen enemp\u00e4\u00e4. Seuraavana p\u00e4iv\u00e4n\u00e4 olin t\u00f6iss\u00e4. Yksi asukkaistamme etsi taloa naapurikyl\u00e4st\u00e4, ja menin katsomaan vuokrailmoituksia netist\u00e4. Ja kuinka ollakaan, ilmoitus t\u00e4st\u00e4 talosta oli tullut nettiin. &#8221;Tossa se talo nyt taas on&#8221;, ajattelin.\u00a0 Yhteensattuma ole sen verran kummallinen, ett\u00e4 ajattelin, ett\u00e4 pakko kai t\u00e4h\u00e4n on nyt jotenkin reagoida. Oikeastaan ajatus ei edes tuntunut ollenkaan realistiselta tai ajankohtaiselta. Soitin kuitenkin samana iltana vuokrais\u00e4nn\u00e4lleni. &nbsp; &#8221;Joo, k\u00e4y vaan katsomassa&#8221;, sanoi vuokrais\u00e4nt\u00e4ni. Mutta aika pian tuli selv\u00e4ksi, ett\u00e4 he eiv\u00e4t halunneet vuokrata t\u00e4t\u00e4 minulle, vaan toivoivat t\u00e4nne nuorta lapsiperhett\u00e4. Eiv\u00e4tk\u00e4 toisaalta halunneet minun muuttavan pois siit\u00e4 edellisest\u00e4 asunnosta, koska olin autellut niin paljon hevosten kanssa. Talon avainta ei l\u00f6ytynyt ainakaan kolmeen viikkoon, ett\u00e4 olisin p\u00e4\u00e4ssyt t\u00e4nne sis\u00e4lle asti. Er\u00e4\u00e4n\u00e4 aurinkoisena p\u00e4iv\u00e4n\u00e4 ajoin kuitenkin t\u00e4nne. Kun astuin autosta ulos ja k\u00e4velin t\u00e4h\u00e4n pihaan, purskahdin itkuun, tunnereaktio oli kummallisen voimakas ja aika ep\u00e4tyypillinen minulle. Mutta sekin tunne vain tuli, ja meni sitten yht\u00e4 nopeasti ohi. Se oli kuitenkin tosi outoa ja olin v\u00e4h\u00e4n h\u00e4mill\u00e4ni.\u00a0 Kiertelin ja kaartelin pihassa. Sis\u00e4lle en p\u00e4\u00e4ssyt, enk\u00e4 voinut kurkkia edes ikkunoista, koska lunta oli niin paljon. &nbsp; Kun lopulta p\u00e4\u00e4sin t\u00e4nne sis\u00e4lle asti, en ollut hirvitt\u00e4v\u00e4n vaikuttunut. Talossa oli kylm\u00e4\u00e4, tunkkaista ja sotkuista. Keitti\u00f6 oli revitty ja joka paikka oli t\u00e4ynn\u00e4 rakennustarvikkeita. Talossa oli v\u00e4h\u00e4n outoja ratkaisuja ja aika v\u00e4h\u00e4n ihan alkuper\u00e4ist\u00e4. Puuta kyll\u00e4, mutta ei vanhoja hirsiseini\u00e4 tai vanhoja lankkulattioita. Siin\u00e4 vaiheessa ei en\u00e4\u00e4 tullut mit\u00e4\u00e4n tunnereaktioita, vaan pikemminkin v\u00e4h\u00e4n ep\u00e4ilytti. Olin v\u00e4h\u00e4n pettynytkin. Kev\u00e4t eteni. Asia ei mennyt eteenp\u00e4in. Vuokrais\u00e4nn\u00e4t ep\u00e4r\u00f6iv\u00e4t ja min\u00e4 ep\u00e4r\u00f6in. Sitten tuli onnettomuus, jossa loukkasin selk\u00e4ni. Olin ihan varma, ett\u00e4 selk\u00e4vaivaisena en voisi t\u00e4nne muuttaa. Kaksi kertaa p\u00e4\u00e4tin ilmoittaa vuokranantajilleni, ett\u00e4 unohtakaa koko juttu &#8211; en ole kiinnostunut. Mutta molemmilla kerroilla tapahtui jotain, joka esti minua tekem\u00e4st\u00e4 sit\u00e4. Vuokranantajani ilmoittelivat t\u00e4st\u00e4 talosta v\u00e4h\u00e4n siell\u00e4 ja t\u00e4\u00e4ll\u00e4, etsiv\u00e4t tosissaan, mutta vuokralaisia ei vain l\u00f6ytynyt. Tai ainakaan sit\u00e4 toivottua lapsiperhett\u00e4. Itse annoin asian roikkua ilmassa, ajattelin, ett\u00e4 jos se on niin tarkoitettu, niin asia ratkeaa kyll\u00e4 parhain p\u00e4in. &nbsp; &#8221;Silloin kuin v\u00e4h\u00e4n kaikki on t\u00e4llaisessa ep\u00e4varmuuden tilassa, on hyv\u00e4 tilaisuus harjoitella k\u00e4rsiv\u00e4llisyytt\u00e4. Antaa ajan kulua ja asioiden kehitty\u00e4 omalla painollaan. On nimitt\u00e4in aikoja, jolloin pit\u00e4\u00e4 reagoida ja puskea eteenp\u00e4in, mutta joskus pit\u00e4\u00e4 vain kellua ja antaa virran vied\u00e4. Ei olla passiivinen, mutta luottaa siihen, ett\u00e4 pinnan alla tapahtuu kyll\u00e4. Ja kun asiat sitten yhten\u00e4 p\u00e4iv\u00e4n\u00e4 nytk\u00e4ht\u00e4v\u00e4t taas liikkeelle, on aika toimia ja olla aktiivinen.&#8221; (24.4. -18) &nbsp; Sin\u00e4 aikana selk\u00e4ni kuntoutui ihmeellisen hyvin. R\u00f6ntgenkuvissa n\u00e4kyi kuitenkin yll\u00e4tyksekseni osteoporoosia ja ajattelin ensin, ett\u00e4 se oli viimeinen niitti &#8211; en voisi muuttaa yksin taloon, jossa pit\u00e4\u00e4 olla kykenev\u00e4 tekem\u00e4\u00e4n polttopuita ja lumit\u00f6it\u00e4. Kunnes er\u00e4\u00e4n\u00e4 p\u00e4iv\u00e4n\u00e4 ajatus k\u00e4\u00e4ntyi ihan p\u00e4\u00e4laelleen: juuri nyt minun t\u00e4ytyy t\u00e4nne muuttaa. Ehk\u00e4 t\u00e4m\u00e4 talo t\u00f6ineen pelastaa terveyteni, eik\u00e4 suinkaan tuhoa sit\u00e4. Ja niin ajatus t\u00e4nne muutosta kypsyi v\u00e4hitellen suunnitelmaksi. Paljastin lopulliset aikeeni t\u00e4\u00e4ll\u00e4 blogissa vasta toukokuun loppupuolella. Kun mietin t\u00e4nne muuttamista, pelko huusi korvaani. Ja niin tekiv\u00e4t my\u00f6s ne ihmiset, joille t\u00e4st\u00e4 kerroin. Mit\u00e4 jos? &nbsp; &#8221;Mit\u00e4 jos, varoitteli muutama. Mites sitten talvella? Mit\u00e4 jos on paljon lunta? Mit\u00e4 jos on kylm\u00e4? Mit\u00e4 jos on yksin\u00e4ist\u00e4 ja pime\u00e4\u00e4? Se j\u00e4\u00e4 n\u00e4ht\u00e4v\u00e4ksi. Mutta mit\u00e4 jos t\u00e4m\u00e4 onkin el\u00e4m\u00e4ni paras p\u00e4\u00e4t\u00f6s? Sit\u00e4h\u00e4n ei nimitt\u00e4in tied\u00e4, ellei kokeile.&#8221; (20.5.-18) &nbsp; Nyt olen el\u00e4nyt t\u00e4\u00e4ll\u00e4 sen vuoden pimeimm\u00e4n ajan. Kunnon pakkasetkin olen kokenut, samoin lumen. Viel\u00e4 on talvea j\u00e4ljell\u00e4, mutta kaikki pelkoni ovat toistaiseksi osoittautuneet turhiksi tai ainakin huomattavan liioitelluiksi. El\u00e4m\u00e4 t\u00e4\u00e4ll\u00e4 tuntuu hyv\u00e4lt\u00e4. N\u00e4in t\u00e4m\u00e4n kuului menn\u00e4. Me voimme itse tietenkin suunnitella el\u00e4m\u00e4\u00e4mme, mutta jotkin asiat on vain jostain syyst\u00e4 tarkoitettu tapahtuvaksi. Jos emme n\u00e4e hienovaraisia merkkej\u00e4, niin meille saatetaan v\u00e4\u00e4nt\u00e4\u00e4 asiat rautalangasta, niin kuin k\u00e4vi t\u00e4m\u00e4n talon tapauksessa. Ei tullut muuttoa Ruotsiin ja Sk\u00e5neen, vaan t\u00e4nne viel\u00e4 kauemmaksi mets\u00e4n reunaan, hankien keskelle. No, en tied\u00e4 miksi t\u00e4nne muutin ja mik\u00e4 sen tarkoitus on, eik\u00e4 minulla ole oikeastaan tarvettakaan tiet\u00e4\u00e4. Tunnen olevani juuri oikeassa paikassa ja se riitt\u00e4\u00e4. Edess\u00e4 on ensimm\u00e4inen jouluni t\u00e4\u00e4ll\u00e4, takassa roihuaa tuli ja kissat kehr\u00e4\u00e4 sohvalla. Tunnen olevani turvassa ja t\u00e4ss\u00e4 on nyt hyv\u00e4. &nbsp; &nbsp; Hyv\u00e4\u00e4 talvip\u00e4iv\u00e4n seisausta, huomenna menn\u00e4\u00e4n jo taas kohti kev\u00e4tt\u00e4. Ja nyt stressin keskell\u00e4: muistakaa tehd\u00e4 se joulu ennen kaikkea sinne syd\u00e4meen.<\/p>\n","protected":false},"author":1,"featured_media":1260,"comment_status":"open","ping_status":"open","sticky":false,"template":"","format":"standard","meta":{"footnotes":""},"categories":[12],"tags":[52,36],"class_list":["post-1518","post","type-post","status-publish","format-standard","has-post-thumbnail","hentry","category-mieli","tag-elamaa","tag-muutos"],"acf":[],"_links":{"self":[{"href":"https:\/\/www.samanotavanalla.fi\/index.php?rest_route=\/wp\/v2\/posts\/1518","targetHints":{"allow":["GET"]}}],"collection":[{"href":"https:\/\/www.samanotavanalla.fi\/index.php?rest_route=\/wp\/v2\/posts"}],"about":[{"href":"https:\/\/www.samanotavanalla.fi\/index.php?rest_route=\/wp\/v2\/types\/post"}],"author":[{"embeddable":true,"href":"https:\/\/www.samanotavanalla.fi\/index.php?rest_route=\/wp\/v2\/users\/1"}],"replies":[{"embeddable":true,"href":"https:\/\/www.samanotavanalla.fi\/index.php?rest_route=%2Fwp%2Fv2%2Fcomments&post=1518"}],"version-history":[{"count":14,"href":"https:\/\/www.samanotavanalla.fi\/index.php?rest_route=\/wp\/v2\/posts\/1518\/revisions"}],"predecessor-version":[{"id":1697,"href":"https:\/\/www.samanotavanalla.fi\/index.php?rest_route=\/wp\/v2\/posts\/1518\/revisions\/1697"}],"wp:featuredmedia":[{"embeddable":true,"href":"https:\/\/www.samanotavanalla.fi\/index.php?rest_route=\/wp\/v2\/media\/1260"}],"wp:attachment":[{"href":"https:\/\/www.samanotavanalla.fi\/index.php?rest_route=%2Fwp%2Fv2%2Fmedia&parent=1518"}],"wp:term":[{"taxonomy":"category","embeddable":true,"href":"https:\/\/www.samanotavanalla.fi\/index.php?rest_route=%2Fwp%2Fv2%2Fcategories&post=1518"},{"taxonomy":"post_tag","embeddable":true,"href":"https:\/\/www.samanotavanalla.fi\/index.php?rest_route=%2Fwp%2Fv2%2Ftags&post=1518"}],"curies":[{"name":"wp","href":"https:\/\/api.w.org\/{rel}","templated":true}]}}