{"id":1778,"date":"2019-02-25T12:12:16","date_gmt":"2019-02-25T12:12:16","guid":{"rendered":"https:\/\/www.samanotavanalla.fi\/?p=1778"},"modified":"2019-08-16T16:41:31","modified_gmt":"2019-08-16T16:41:31","slug":"suuntana-omavaraisuus","status":"publish","type":"post","link":"https:\/\/www.samanotavanalla.fi\/?p=1778","title":{"rendered":"Suuntana omavaraisuus"},"content":{"rendered":"<p>&#8221;Suuntana omavaraisuus&#8221; on omavaraisuudesta kirjoittavien bloggaajien projekti, johon minuakin nyt pyydettiin mukaan. Olin ensin v\u00e4h\u00e4n yll\u00e4ttynyt. Iloinen kyll\u00e4, mutta h\u00e4mmentynyt.<\/p>\n<p>Jotenkin olen mielt\u00e4nyt, ett\u00e4 omavaraisuus on jotain suurempaa el\u00e4imineen ja peltoineen, ja t\u00e4m\u00e4 oma maalla el\u00e4minen on v\u00e4h\u00e4n sellaista puuhastelua, josta omavaraisuus on viel\u00e4 valitettavan kaukana.<\/p>\n<p>Mutta jos ja kun sarjan nimi on &#8221;suuntana omavaraisuus&#8221;, niin kyll\u00e4h\u00e4n min\u00e4 blogeineni siihen raamiin aika hyvin mahdun. Se on nimitt\u00e4in unelma, jota en ole \u00e4\u00e4neen uskaltanut edes oikein lausua. Olla mahdollisimman omavarainen, vaikka ihan t\u00e4ydelliseen omavaraisuuteen en ole pyrkim\u00e4ss\u00e4k\u00e4\u00e4n.<\/p>\n<p>Mullahan on aika hyv\u00e4t puitteet, kun s\u00e4hk\u00f6 tulee &#8221;omasta&#8221; vesivoimalasta, vesi ohi virtaavasta purosta ja puut l\u00e4himets\u00e4st\u00e4. N\u00e4ist\u00e4 l\u00e4ht\u00f6kohdista on aika hyv\u00e4 l\u00e4hte\u00e4 kehitt\u00e4m\u00e4\u00e4n omavaraisuutta my\u00f6s pidemm\u00e4lle.<\/p>\n<p><a href=\"https:\/\/www.samanotavanalla.fi\/wp-content\/uploads\/2019\/01\/WP_20180901_08_50_37_Pro.jpg\"><img fetchpriority=\"high\" decoding=\"async\" class=\"alignnone size-full wp-image-1720\" src=\"https:\/\/www.samanotavanalla.fi\/wp-content\/uploads\/2019\/01\/WP_20180901_08_50_37_Pro.jpg\" alt=\"\" width=\"5344\" height=\"3008\" srcset=\"https:\/\/www.samanotavanalla.fi\/wp-content\/uploads\/2019\/01\/WP_20180901_08_50_37_Pro.jpg 5344w, https:\/\/www.samanotavanalla.fi\/wp-content\/uploads\/2019\/01\/WP_20180901_08_50_37_Pro-300x169.jpg 300w, https:\/\/www.samanotavanalla.fi\/wp-content\/uploads\/2019\/01\/WP_20180901_08_50_37_Pro-768x432.jpg 768w, https:\/\/www.samanotavanalla.fi\/wp-content\/uploads\/2019\/01\/WP_20180901_08_50_37_Pro-1024x576.jpg 1024w, https:\/\/www.samanotavanalla.fi\/wp-content\/uploads\/2019\/01\/WP_20180901_08_50_37_Pro-533x300.jpg 533w\" sizes=\"(max-width: 5344px) 100vw, 5344px\" \/><\/a><\/p>\n<p>Suuntana omavaraisuus- sarjan idea on, ett\u00e4 jokaisen kuukauden ensimm\u00e4inen maanantai julkaistaan omavaraisuuteen liittyv\u00e4 juttu ennalta sovitusta aiheesta. Mukana &#8221;ringiss\u00e4&#8221; on useita aiheeseen liittyvi\u00e4 blogeja. Kirjoituksen loppuun linkitet\u00e4\u00e4n muut aiheesta kirjoittaneet blogit. Jos aihe kiinnostaa, sielt\u00e4 l\u00f6ytyy paljon hyv\u00e4\u00e4 luettavaa.<\/p>\n<p>Sarja k\u00e4ynnistyi t\u00e4m\u00e4n vuoden osalta jo helmikuun alussa, joten olen my\u00f6h\u00e4ss\u00e4 aloituksen suhteen, mutta se ei varmaan haittaa. Joka kuukauden ensimm\u00e4inen maanantai tulee siis aiheeseen liittyv\u00e4 postaus mutta muuten bloggailen niin kuin ennenkin, ja my\u00f6s muusta kuin omavaraisuudesta. Toivottavasti v\u00e4h\u00e4n ahkerammin kuin viime aikoina.<\/p>\n<p><a href=\"https:\/\/www.samanotavanalla.fi\/wp-content\/uploads\/2019\/02\/WP_20190216_11_58_10_Pro.jpg\"><img decoding=\"async\" class=\"alignnone size-full wp-image-1769\" src=\"https:\/\/www.samanotavanalla.fi\/wp-content\/uploads\/2019\/02\/WP_20190216_11_58_10_Pro.jpg\" alt=\"\" width=\"5344\" height=\"3008\" srcset=\"https:\/\/www.samanotavanalla.fi\/wp-content\/uploads\/2019\/02\/WP_20190216_11_58_10_Pro.jpg 5344w, https:\/\/www.samanotavanalla.fi\/wp-content\/uploads\/2019\/02\/WP_20190216_11_58_10_Pro-300x169.jpg 300w, https:\/\/www.samanotavanalla.fi\/wp-content\/uploads\/2019\/02\/WP_20190216_11_58_10_Pro-768x432.jpg 768w, https:\/\/www.samanotavanalla.fi\/wp-content\/uploads\/2019\/02\/WP_20190216_11_58_10_Pro-1024x576.jpg 1024w, https:\/\/www.samanotavanalla.fi\/wp-content\/uploads\/2019\/02\/WP_20190216_11_58_10_Pro-533x300.jpg 533w\" sizes=\"(max-width: 5344px) 100vw, 5344px\" \/><\/a><\/p>\n<p>Sarjan ensimm\u00e4isen\u00e4 aiheena oli talven kuulumiset ja tulevan kauden suunnitelmat.<\/p>\n<p>Talven kuulumisista olen t\u00e4\u00e4ll\u00e4 <span style=\"color: #993300;\"><a style=\"color: #993300;\" href=\"https:\/\/www.samanotavanalla.fi\/?p=1744\">kirjoitellutkin<\/a><\/span>. Kun viime kes\u00e4n\u00e4 muutin t\u00e4h\u00e4n taloon, aika suurena kysymysmerkkin\u00e4 oli, kuinka yleens\u00e4k\u00e4\u00e4n selvi\u00e4n t\u00e4\u00e4ll\u00e4 talven yli. Hyv\u00e4h\u00e4n t\u00e4ss\u00e4 on kes\u00e4ll\u00e4 asua, mutta miten selvi\u00e4n pime\u00e4st\u00e4 kylm\u00e4st\u00e4 ja lumesta.<\/p>\n<p>T\u00e4m\u00e4 talvi on tarjonnut niit\u00e4 kaikkia, ja vaikka v\u00e4lill\u00e4 olenkin v\u00e4h\u00e4n jupissut, niin kaiken kaikkiaan olen selvinnyt kuitenkin eritt\u00e4in hyvin. Yll\u00e4tt\u00e4v\u00e4nkin hyvin.<\/p>\n<p>Vaikka olen edelleen sit\u00e4 mielt\u00e4, ett\u00e4 kohtalo on heitt\u00e4nyt minut v\u00e4h\u00e4n v\u00e4\u00e4r\u00e4lle kasvuvy\u00f6hykkeelle, niin joku tarkoitus t\u00e4ss\u00e4 kuitenkin on. Jos mulla on paljon tavoitteita tulevalle kes\u00e4lle, niin viel\u00e4 suurempana tavoitteena voisi olla se, ett\u00e4 ensi talvi kuluisi muuten kuin kes\u00e4\u00e4 odotellessa.<\/p>\n<p>Talvi muodostaa niin suuren osan t\u00e4t\u00e4 pohjoista vuotta, ett\u00e4 siit\u00e4kin pit\u00e4isi oppia nauttimaan. T\u00e4\u00e4ll\u00e4 talviurheiluhullujen luvatussa maassa on joskus vaikea muistaa, ett\u00e4 talvesta voi toki nauttia muutenkin kuin pulkkam\u00e4ess\u00e4 ja hiihtoladulla.<\/p>\n<p>Jos miettii mennytt\u00e4 talvea omavaraisuuden kannalta, niin omavarainen olen ollut ainoastaan mustikoiden, puolukoiden ja nokkosen suhteen. Mutta jos ajatusta omavaraisuudesta v\u00e4h\u00e4n laajentaa, niin my\u00f6s puiden, veden ja s\u00e4hk\u00f6n suhteen.<\/p>\n<p><a href=\"https:\/\/www.samanotavanalla.fi\/wp-content\/uploads\/2018\/10\/WP_20180511_17_52_49_Pro.jpg\"><img decoding=\"async\" class=\"alignnone size-full wp-image-1534\" src=\"https:\/\/www.samanotavanalla.fi\/wp-content\/uploads\/2018\/10\/WP_20180511_17_52_49_Pro.jpg\" alt=\"\" width=\"5344\" height=\"3008\" srcset=\"https:\/\/www.samanotavanalla.fi\/wp-content\/uploads\/2018\/10\/WP_20180511_17_52_49_Pro.jpg 5344w, https:\/\/www.samanotavanalla.fi\/wp-content\/uploads\/2018\/10\/WP_20180511_17_52_49_Pro-300x169.jpg 300w, https:\/\/www.samanotavanalla.fi\/wp-content\/uploads\/2018\/10\/WP_20180511_17_52_49_Pro-768x432.jpg 768w, https:\/\/www.samanotavanalla.fi\/wp-content\/uploads\/2018\/10\/WP_20180511_17_52_49_Pro-1024x576.jpg 1024w\" sizes=\"(max-width: 5344px) 100vw, 5344px\" \/><\/a><\/p>\n<p>Tulevan kes\u00e4kauden t\u00e4rkeimp\u00e4n\u00e4 suunnitelmana on kunnon kasvimaan perustaminen. Nyt nuo muutamat kasvulaatikot tuntuvat jotenkin ihan liian pienilt\u00e4 ja lapsellisilta, mutta saa n\u00e4hd\u00e4.<\/p>\n<p>T\u00e4ss\u00e4 pihassahan ei ole entisest\u00e4 puutarhasta j\u00e4ljell\u00e4 kuin yksi r\u00e4nsistynyt viinimarjapensas. Entinen kasvimaa on nyt pajukkoa, jonka kimppuun ei pelk\u00e4n lapion voimalla kannata l\u00e4hte\u00e4, mutta minulle on lupailtu t\u00e4nne kaivinkonetta avuksi. Onni on kivat vuokrais\u00e4nn\u00e4t.<\/p>\n<p>Kasvihuone on suuri unelmani, mutta sit\u00e4 tuskin viel\u00e4 t\u00e4n\u00e4 kes\u00e4n\u00e4 tulee. Tai kuka tiet\u00e4\u00e4? El\u00e4m\u00e4ll\u00e4 on tapana yll\u00e4tt\u00e4\u00e4.<\/p>\n<p><a href=\"https:\/\/www.samanotavanalla.fi\/wp-content\/uploads\/2018\/10\/WP_20180901_15_09_08_Pro.jpg\"><img loading=\"lazy\" decoding=\"async\" class=\"alignnone size-full wp-image-1541\" src=\"https:\/\/www.samanotavanalla.fi\/wp-content\/uploads\/2018\/10\/WP_20180901_15_09_08_Pro.jpg\" alt=\"\" width=\"5344\" height=\"3008\" srcset=\"https:\/\/www.samanotavanalla.fi\/wp-content\/uploads\/2018\/10\/WP_20180901_15_09_08_Pro.jpg 5344w, https:\/\/www.samanotavanalla.fi\/wp-content\/uploads\/2018\/10\/WP_20180901_15_09_08_Pro-300x169.jpg 300w, https:\/\/www.samanotavanalla.fi\/wp-content\/uploads\/2018\/10\/WP_20180901_15_09_08_Pro-768x432.jpg 768w, https:\/\/www.samanotavanalla.fi\/wp-content\/uploads\/2018\/10\/WP_20180901_15_09_08_Pro-1024x576.jpg 1024w\" sizes=\"(max-width: 5344px) 100vw, 5344px\" \/><\/a><\/p>\n<p>Lainavuohia t\u00e4nne ei ensi kes\u00e4n\u00e4 tule, koska vuohet ja kasvimaa on nyt todettu eritt\u00e4in huonoksi yhdistelm\u00e4ksi niin paljon kun ne muuten tuovatkin el\u00e4m\u00e4\u00e4n. Tuleeko hevoset, j\u00e4\u00e4 n\u00e4ht\u00e4v\u00e4ksi. Toivottavasti ainakin k\u00e4ym\u00e4\u00e4n ja py\u00f6ritt\u00e4m\u00e4\u00e4n v\u00e4h\u00e4ksi aikaa lannoitetehdastaan, sek\u00e4 tietenkin tarjoamaan terapeuttista l\u00e4sn\u00e4oloaan &#8211; sit\u00e4 kaipaan lantaakin enemm\u00e4n :).<\/p>\n<p>Hevosenlantaa on viime kes\u00e4n j\u00e4ljilt\u00e4 aika hyv\u00e4t kasat ja se on ainakin taatusti luomulaatuista. Sinneh\u00e4n on kierr\u00e4tetty my\u00f6s ne viime kes\u00e4n lehtikaalit ja &#8211; sellerit&#8230; V\u00e4h\u00e4n harmittaa se, ett\u00e4 en saanut tehty\u00e4 lannasta kunnon kompostia. Puutarhakompostin rakentaminen onkin ensi kes\u00e4n suunnitelmissa.<\/p>\n<p><a href=\"https:\/\/www.samanotavanalla.fi\/wp-content\/uploads\/2018\/10\/WP_20180726_18_12_04_Rich.jpg\"><img loading=\"lazy\" decoding=\"async\" class=\"alignnone size-full wp-image-1535\" src=\"https:\/\/www.samanotavanalla.fi\/wp-content\/uploads\/2018\/10\/WP_20180726_18_12_04_Rich.jpg\" alt=\"\" width=\"5344\" height=\"3008\" srcset=\"https:\/\/www.samanotavanalla.fi\/wp-content\/uploads\/2018\/10\/WP_20180726_18_12_04_Rich.jpg 5344w, https:\/\/www.samanotavanalla.fi\/wp-content\/uploads\/2018\/10\/WP_20180726_18_12_04_Rich-300x169.jpg 300w, https:\/\/www.samanotavanalla.fi\/wp-content\/uploads\/2018\/10\/WP_20180726_18_12_04_Rich-768x432.jpg 768w, https:\/\/www.samanotavanalla.fi\/wp-content\/uploads\/2018\/10\/WP_20180726_18_12_04_Rich-1024x576.jpg 1024w\" sizes=\"(max-width: 5344px) 100vw, 5344px\" \/><\/a><\/p>\n<p>Kanoja? Mun tekisi niin mieli hankkia kanoja, mutta saa n\u00e4hd\u00e4. T\u00e4ll\u00e4 tilalla rakennuskanta on niin vanhaa, l\u00e4hinn\u00e4 kotiseutumuseotasoa, ett\u00e4 kanalan perustaminen vaatisi melkoista urakkaa. Toisaalta tuli just mieleen, ett\u00e4 vuokrais\u00e4nnill\u00e4 taitaa olla kanala nyt tyhjill\u00e4\u00e4n&#8230; hmm. Jos kanat olisi t\u00e4\u00e4ll\u00e4 kes\u00e4n ja talven siell\u00e4 kanalassa? Siin\u00e4 saattaisi olla ideaa.<\/p>\n<p>Yksi tavoite on my\u00f6s jatkaa tuon <span style=\"color: #993300;\"><a style=\"color: #993300;\" href=\"https:\/\/www.samanotavanalla.fi\/?p=1578\">puron rannan siivoamista ja raivaamista<\/a><\/span>. T\u00e4m\u00e4 oma puroni on v\u00e4h\u00e4n isomman joen sivuhaara, ja siin\u00e4 isommassa joessa on taimenia. Kaatuneet puut ovat aikojen saatossa melkein tukkineet t\u00e4m\u00e4n oman puroni, mutta jos sen saisi raivattua kunnolla, niin kuka tiet\u00e4\u00e4?\u00a0 Ehk\u00e4 taimenet p\u00e4\u00e4sisiv\u00e4t uimaan taas t\u00e4h\u00e4nkin.<\/p>\n<p><a href=\"https:\/\/www.samanotavanalla.fi\/wp-content\/uploads\/2018\/11\/fullsizeoutput_338d.jpeg\"><img loading=\"lazy\" decoding=\"async\" class=\"alignnone size-full wp-image-1569\" src=\"https:\/\/www.samanotavanalla.fi\/wp-content\/uploads\/2018\/11\/fullsizeoutput_338d.jpeg\" alt=\"\" width=\"4211\" height=\"3008\" srcset=\"https:\/\/www.samanotavanalla.fi\/wp-content\/uploads\/2018\/11\/fullsizeoutput_338d.jpeg 4211w, https:\/\/www.samanotavanalla.fi\/wp-content\/uploads\/2018\/11\/fullsizeoutput_338d-300x214.jpeg 300w, https:\/\/www.samanotavanalla.fi\/wp-content\/uploads\/2018\/11\/fullsizeoutput_338d-768x549.jpeg 768w, https:\/\/www.samanotavanalla.fi\/wp-content\/uploads\/2018\/11\/fullsizeoutput_338d-1024x731.jpeg 1024w\" sizes=\"(max-width: 4211px) 100vw, 4211px\" \/><\/a><\/p>\n<p>No, suunnitelmat ovat suunnitelmia. En hakkaa niit\u00e4 kiveen ja yrit\u00e4n nauttia el\u00e4m\u00e4st\u00e4. Annan el\u00e4m\u00e4n tapahtua. Tied\u00e4n nimitt\u00e4in, ett\u00e4 my\u00f6s ne kivat ja nautinnolliset asiat voivat uuvuttaa ja muuttua stressiksi.<\/p>\n<p>Mutta nyt ei muuta. Sarjan seuraava osa ilmestyykin jo ensi viikon maanataina. Silloin aiheena on eteneminen sek\u00e4 blogin ja kirjoittajan historia ja esittely. Olen pit\u00e4nyt blogia jo niin kauan, ett\u00e4 monelle n\u00e4m\u00e4 saattavat olla tuttuja juttuja, mutta yrit\u00e4n kehitell\u00e4 asiaan v\u00e4h\u00e4n uutta n\u00e4k\u00f6kulmaa. Ja ehk\u00e4 t\u00e4m\u00e4n projektin my\u00f6t\u00e4 t\u00e4nne ilmestyy my\u00f6s uusia lukijoita &#8211; olette kaikki l\u00e4mpim\u00e4sti tervetulleita!<\/p>\n<p>&nbsp;<\/p>\n<p>T\u00e4ss\u00e4 linkit muihin sarjan blogeihin. Lista on pitk\u00e4, mutta ajatelkaa, miten monet ovat aiheesta kiinnostuneita? Tosi paljon hyv\u00e4\u00e4 luettavaa! Ehk\u00e4 t\u00e4m\u00e4 maailma viel\u00e4 pelastuu?<\/p>\n<p>Tsajut <a href=\"https:\/\/tsajut.fi\/kuulumisia-ja-suunnitelmia\/?fbclid=IwAR0v4AlaeBp3SryxWBSDx7SMrtmp_i5mRcBDmy2V7yiX0pJSRKJeOXLM4cg\" target=\"_blank\" rel=\"noopener nofollow noreferrer\" data-lynx-mode=\"asynclazy\" data-lynx-uri=\"https:\/\/l.facebook.com\/l.php?u=https%3A%2F%2Ftsajut.fi%2Fkuulumisia-ja-suunnitelmia%2F%3Ffbclid%3DIwAR0v4AlaeBp3SryxWBSDx7SMrtmp_i5mRcBDmy2V7yiX0pJSRKJeOXLM4cg&amp;h=AT12mgiKa-ta9UCCoQ7GoaumMjuAJiktKX5UBQFTc0OGPDVRuU7q411Jo7CLM5nx7eIMo-bu5ovRW2ASf2OmuSt12AWY3MOB3w77RuRdXJwF1xxJAUUVwEK4zUah5yeB4P9v8vA7\">https:\/\/tsajut.fi\/kuulumisia-ja-suunnitelmia\/<\/a>Harmaa torppa <a href=\"https:\/\/www.harmaatorppa.fi\/2019\/02\/omavaraisuutta-vuonna-2019-osa-1.html?fbclid=IwAR0K0L8WhnSUt7G4kAIEE10XBzmSbR3RohtgjWWFs2-TjmWERLPEg7XUBic\" target=\"_blank\" rel=\"noopener nofollow noreferrer\" data-lynx-mode=\"asynclazy\" data-lynx-uri=\"https:\/\/l.facebook.com\/l.php?u=https%3A%2F%2Fwww.harmaatorppa.fi%2F2019%2F02%2Fomavaraisuutta-vuonna-2019-osa-1.html%3Ffbclid%3DIwAR0K0L8WhnSUt7G4kAIEE10XBzmSbR3RohtgjWWFs2-TjmWERLPEg7XUBic&amp;h=AT1Po5A16iesYu4JTig0Mc41tVYc_G3FrlzuUNq1B-boeNOyhpf44yqyhssO4LOWWd1-Vfa6VVwqIpHAeX8IUndpG_0XbDPiTWDJou54uo6dErV9n2UznOUtmrcJoYueMOjPLnip\">https:\/\/www.harmaatorppa.fi\/2019\/02\/omavaraisuutta-vuonna-2019-osa-1.html<\/a>Riippumattomammaksi <a href=\"https:\/\/riippumattomammaksi.blogspot.com\/2019\/01\/projekti-omavaraisempi-elama-2019.html?fbclid=IwAR0g2-JhvEOoaQ7FkKfM6nBkcKoRJCVOOBIqjIA7sr_xLDEymGKKk5HRAc8\" target=\"_blank\" rel=\"noopener nofollow noreferrer\" data-lynx-mode=\"asynclazy\" data-lynx-uri=\"https:\/\/l.facebook.com\/l.php?u=https%3A%2F%2Friippumattomammaksi.blogspot.com%2F2019%2F01%2Fprojekti-omavaraisempi-elama-2019.html%3Ffbclid%3DIwAR0g2-JhvEOoaQ7FkKfM6nBkcKoRJCVOOBIqjIA7sr_xLDEymGKKk5HRAc8&amp;h=AT2lYa8G_3FEDYFkFpE2tgnIlg055159evbIZJlS1uMyOFrCRLCx9cBDtw5RdEFSuAU3s8bG3YYSLlThsAilpAKBClROZ7zxDEJC4d3TfmiQxyc5Vd4T3jXVmnGnSyfHCck827aS\">https:\/\/riippumattomammaksi.blogspot.com\/2019\/01\/projekti-omavaraisempi-elama-2019.html<\/a><\/p>\n<div class=\"_2cuy _3dgx _2vxa\">Urban farming <a href=\"https:\/\/l.facebook.com\/l.php?u=https%3A%2F%2Ffinlandurbanfarming.blogspot.com%2F2019%2F02%2Fomasta-maasta-omalle-perheelle.html%3Ffbclid%3DIwAR0LyyTf4qbatCPs3c_CMOBoDcFqdvKCMyL7Z-mgD00x3pKGl6J9AJjXca8&amp;h=AT3vfBiECDa4UehmJxozcC1ahGdbNj2H0sw28LgX3eEW-2GTGqNeFm3-2SA7i-7vUcba4no8d1wib6DcaaNZlVDtR8Yvb3oxikeI3a-6AuGr38MRVwP9KvcETqhGaBur7RzZ3dn7\" target=\"_blank\" rel=\"noopener nofollow noreferrer\" data-lynx-mode=\"asynclazy\">https:\/\/finlandurbanfarming.blogspot.com\/2019\/02\/omasta-maasta-omalle-perheelle.html<\/a><\/div>\n<div class=\"_2cuy _3dgx _2vxa\">Korkeala <a href=\"https:\/\/l.facebook.com\/l.php?u=https%3A%2F%2Fwww.korkeala.fi%2Fomavaisuus-sarjan-aloitus-vuodelle-2019%2F%3Ffbclid%3DIwAR3EKSnpXD7FakC47kdjtcOQBLnO0pBxp0k7x8Y1AKG49GtS-Ukhn5hNEKQ&amp;h=AT0_HBYmJCvutfk4U693_7x97NEqEll6sTNP380RGB7ntrXBcvQtd9d31gWRuWXvq8PpmywCesq6IaIOKM7uX_DBKSr_K8F4SJCWG9YfPOVFJnk2kaQw7GLQ-REZAnPQxhi38Lq9\" target=\"_blank\" rel=\"noopener nofollow noreferrer\" data-lynx-mode=\"asynclazy\">https:\/\/www.korkeala.fi\/omavaisuus-sarjan-aloitus-vuodelle-2019\/<\/a><\/div>\n<div class=\"_2cuy _3dgx _2vxa\">Maalaiskaupungin piha <a href=\"https:\/\/l.facebook.com\/l.php?u=https%3A%2F%2Fmaalaiskaupunginpiha.blogspot.com%2F2019%2F02%2Ftalven-kuulumisia-ja-suunnitelmia.html%3Ffbclid%3DIwAR20GaZAj4XIyeZVKzZupIDIYnlkBEf0RTnu4EQZpaKQn43tpehUFjO9Fzc&amp;h=AT1u_TTDkQ_RmTF93FiuW5zM3nr6OA6HenynNgxFwj04XzBFlY6QtVkR_DDBr_Dg93Xn1ol3KOZTIEwuXVRPaAMebB8GmyN7mzP7PIEyEuii55M4JbDW2wQEn0l27NIFuCE6Ilk6\" target=\"_blank\" rel=\"noopener nofollow noreferrer\" data-lynx-mode=\"asynclazy\">https:\/\/maalaiskaupunginpiha.blogspot.com\/2019\/02\/talven-kuulumisia-ja-suunnitelmia.html<\/a><\/div>\n<div class=\"_2cuy _3dgx _2vxa\">Pienenpieni farmi <a href=\"https:\/\/l.facebook.com\/l.php?u=https%3A%2F%2Fpienenpienifarmi.com%2F%3Fp%3D353%26fbclid%3DIwAR0hQItbXRDcFKr2l7WO9wRP3_HCJXyVo7u9yN8FtedrpADQM_mMzdJrbi8&amp;h=AT0PmzDonR3wsccrjGT0dBfCxk3py4vO6xa6DqsfYpI6pSTEE7j-1ztRbE1ZohOvKFqF2_SgLcZHXXbpok9YR8TY9Ud0n5__Gw1_0sfGSLCGqzFwWlob61W57uclgvSh0BjMvI8G\" target=\"_blank\" rel=\"noopener nofollow noreferrer\" data-lynx-mode=\"asynclazy\">https:\/\/pienenpienifarmi.com\/?p=353<\/a><\/div>\n<div class=\"_2cuy _3dgx _2vxa\">Palokankaan pientila <a href=\"https:\/\/l.facebook.com\/l.php?u=https%3A%2F%2Fpalokankaanpientila.blogspot.com%2F2019%2F02%2Ftalven-kuulumiset-ja-tulevan-kauden.html%3Ffbclid%3DIwAR0eMp0ohXuIncToPhgO92K3OVpzGTBCcXPeFSXCKNdpOy0QsiNlo1_JqDk&amp;h=AT3pQtHb161yxjnW0sVWZ01iYJ0jOU3KOD3gIldK3kXvIyTD7r4JUcEZVmM8NCgqFoBKA3Ws4HkKYnn2EmURg3yVBIz_Om59CsgWnkVyABKetwOEZP4HR2PpwCEhu66wH625BGgW\" target=\"_blank\" rel=\"noopener nofollow noreferrer\" data-lynx-mode=\"asynclazy\">https:\/\/palokankaanpientila.blogspot.com\/2019\/02\/talven-kuulumiset-ja-tulevan-kauden.html<\/a><\/div>\n<div class=\"_2cuy _3dgx _2vxa\">Rakkautta ja maanantimia <a href=\"https:\/\/l.facebook.com\/l.php?u=https%3A%2F%2Frakkauttajamaanantimia.blogspot.com%2F2019%2F02%2Fomavaraistelevaa-elamaa-2019-osa-1.html%3Ffbclid%3DIwAR2r59nG1VDLwdumiI5yLWMKAFzqdPKNT0EikuFpZTcn4xYwkDLjxwqHGXY&amp;h=AT0d2c8aQer7TvL19WCn8GoUON910vgStC7KHqIXpuvoykRcMV-fJRDy5qBiTFCaxjVxE0yT0D3sZjGetkvE51qYz9zQF3zXET_3Ocm8a_umIDpbTkVqq28QZMbMH-U_2U_4U50M\" target=\"_blank\" rel=\"noopener nofollow noreferrer\" data-lynx-mode=\"asynclazy\">https:\/\/rakkauttajamaanantimia.blogspot.com\/2019\/02\/omavaraistelevaa-elamaa-2019-osa-1.html<\/a><\/div>\n<div class=\"_2cuy _3dgx _2vxa\">Iso-Orvokkiniitty <a href=\"https:\/\/l.facebook.com\/l.php?u=http%3A%2F%2Fiso-orvokkiniitty.fi%2F%3Fp%3D1851%26fbclid%3DIwAR3wlUSNDgcl8zfc36YRZ3EIZoTe1j3WJb8gWOTtNKWqgcTqcRCS7JQ3c3A&amp;h=AT1eWagWZz_-U30mCyGaU1hsmeTGHqBjZzoo6_pgSeHoX1Bht9_I6WYzHKoGkOzfcuDWgnr3x_8UDoC5p_TyP2e53PpjPS8R-Ellzmh36WddeyJOEAUJLol6x44I0YLmTK4HEZNk\" target=\"_blank\" rel=\"noopener nofollow noreferrer\" data-lynx-mode=\"asynclazy\">http:\/\/iso-orvokkiniitty.fi\/blog\/suunnitelmia-kesalle<\/a>\/<\/div>\n<div class=\"_2cuy _3dgx _2vxa\">Mets\u00e4l\u00e4isten el\u00e4m\u00e4\u00e4 <a href=\"https:\/\/l.facebook.com\/l.php?u=https%3A%2F%2Fmetsalaistenelamaa.blogspot.com%2F2019%2F02%2Fomavaraisempaa-elamaa-2019-osa-1.html%3Ffbclid%3DIwAR3KbhRJqSUX8CSQCK-kkRqrPohDDIr3Ugf9NcUyskNVp1iuA2HrmEbQFhY&amp;h=AT2I5ddo6PWMLwZKdLbLCRYXJWM8cEX3AbVsHpyG51jL7xsEjcJ-OBMV3elv8lzoGuOx5HxxK85hTJPlaV6OeVqkMKW-fUER9tMGz761MQU5KyuRsJ5fXbkD8SOxMBrG-iGSIGVWNSDqKR-IUF_tEQ\" target=\"_blank\" rel=\"noopener nofollow noreferrer\" data-lynx-mode=\"async\">https:\/\/metsalaistenelamaa.blogspot.com\/2019\/02\/omavaraisempaa-elamaa-2019-osa-1.html<\/a><\/div>\n<div class=\"_2cuy _3dgx _2vxa\">Torpan Tytt\u00f6 <a href=\"https:\/\/l.facebook.com\/l.php?u=https%3A%2F%2Ftorpantytto.com%2F2019%2F02%2F04%2Fomavaraistelua-vuonna-2019%2F%3Ffbclid%3DIwAR3rroNqNmozltJxLdG_lOorScuhYHqjXAtAwQyoCPyqwIwI5_fHWVnzui8&amp;h=AT3CgOT4w-wxzUAs2Ip6C8jloM5zGCuq5s-i5uuNPQ7SVKrk3-ZvwqKxutcqU3wcEvUOyFyHMS3N_ZQfZJK7jg1eR7Fsh5k2JkfcdigeeGN7nRurBWdNSyyrFV7EH2BTnhsVr7pt\" target=\"_blank\" rel=\"noopener nofollow noreferrer\" data-lynx-mode=\"asynclazy\">https:\/\/torpantytto.com\/2019\/02\/04\/omavaraistelua-vuonna-2019\/<\/a><\/div>\n<div class=\"_2cuy _3dgx _2vxa\">Caramellia <a href=\"https:\/\/l.facebook.com\/l.php?u=https%3A%2F%2Fcaramellia.fi%2Fsuuret-lupaukset-kasvukaudelle-2019%2F%3Ffbclid%3DIwAR07feJ0r1o26zaWGsuJa-yxddzkkZZcyhcCc1b-j_DDgrVRiHcEiJQ72uc&amp;h=AT0nAlX6PzCh2FPmBYWJcLG5zHUxYiJqcvgA3FGjbwgDqjQERBedrppGedPe54B_8Pg-xOb7_r50AvdB9rQVjUZC9HNHKytM-xtkKsm4A9W5xH2U9Kmj2zBANjGfao0teUob0ajz\" target=\"_blank\" rel=\"noopener nofollow noreferrer\" data-lynx-mode=\"asynclazy\">https:\/\/caramellia.fi\/suuret-lupaukset-kasvukaudelle-2019\/<\/a><\/div>\n<div class=\"_2cuy _3dgx _2vxa\">Varmuusvara <a href=\"https:\/\/l.facebook.com\/l.php?u=https%3A%2F%2Fvarmuusvara.blogspot.com%2F2019%2F02%2Ftalven-kuulumiset-tulevan-kauden.html%3Ffbclid%3DIwAR2FJ-qpaV7JHWe7krnb73VEBI4v7082GosnKJNFlCRwTBJI0C_IgcyQAmU&amp;h=AT1_EfuWhV4rSdsMKW9ahUNJu7B0VuCpWT62JAPIxr4P3EurU1xj26_TOSun0YcRZffz6DTzNg4eApnISRlkg7gDjRxcVcK1EqTZiA52V5RljvM6mbrersWXbYV6Knbl8dU0RLaQ\" target=\"_blank\" rel=\"noopener nofollow noreferrer\" data-lynx-mode=\"asynclazy\">https:\/\/varmuusvara.blogspot.com\/2019\/02\/talven-kuulumiset-tulevan-kauden.html<\/a><\/div>\n<div class=\"_2cuy _3dgx _2vxa\">Sarin puutarhat <a href=\"https:\/\/sarinpuutarhat.blogspot.com\/2019\/02\/suunnittelua-omavaraisuus-kotipihalla.html?fbclid=IwAR2vvniLmGbtIsCXgNQt-36na6JNaxDSyXNuQjNT0E_uz3C-TBvk5pcEHZ0\" target=\"_blank\" rel=\"noopener nofollow noreferrer\" data-lynx-mode=\"asynclazy\" data-lynx-uri=\"https:\/\/l.facebook.com\/l.php?u=https%3A%2F%2Fsarinpuutarhat.blogspot.com%2F2019%2F02%2Fsuunnittelua-omavaraisuus-kotipihalla.html%3Ffbclid%3DIwAR2vvniLmGbtIsCXgNQt-36na6JNaxDSyXNuQjNT0E_uz3C-TBvk5pcEHZ0&amp;h=AT3VwyjKqpooW0617n5HlaVePx88yLnNtvtpgDgXFCiY2cG2drx1syubE4jyYnHTQmvtH8SUs6uyRkXFOcQDE0GGvdBqnHniGDMMmTekVQ_5PruDT-LizY_U3y3BwmDhPEyJfbaZ\">https:\/\/sarinpuutarhat.blogspot.com\/2019\/02\/suunnittelua-omavaraisuus-kotipihalla.html<\/a><\/div>\n<div class=\"_2cuy _3dgx _2vxa\">Mrs Sinn <a href=\"https:\/\/l.facebook.com\/l.php?u=https%3A%2F%2Fmrssinn.blogspot.com%2F2019%2F02%2Filoa-kasvukauteen-2019-joy-for-next.html%3Ffbclid%3DIwAR1zqjGSS1a3txJVH_0v-113atO81-ui6ztvdH7KPb6SJc1k_EFQj-uRs8I&amp;h=AT2n-SVkAGriXwL0i0GuCGqXZeVmWgBQYQ_1Ld0qE00vmvlv4v4FNvuPEzolcPkg_RxoxMvvfePBpY4paKsh8XZF1DhtzBxmZABBA1tiSumLr13Qz-KLQhJaUB2X3ZT-IZRTQd4D\" target=\"_blank\" rel=\"noopener nofollow noreferrer\" data-lynx-mode=\"asynclazy\">https:\/\/mrssinn.blogspot.com\/2019\/02\/iloa-kasvukauteen-2019-joy-for-next.html<\/a><\/div>\n<div class=\"_2cuy _3dgx _2vxa\">Villa Koira <a href=\"https:\/\/l.facebook.com\/l.php?u=https%3A%2F%2Fkah-villakoira.blogspot.com%2F2019%2F02%2Fomavaraisuussuunnitelmia-vuodelle-2019.html%3Ffbclid%3DIwAR23CEcfymRXC6CVmMkJRHzhNB9qWKWd-2n2SR4XW_a9hzQ5pWS5G1XZ5ro&amp;h=AT16pgo0tloRZq2oVnmedculyGLjB01LCnjVtV9W_9hZNKYUMyR6C-tw_xLAqE0hQp-49fjj_AqWF-FoyIIufhPNAv6CqsZpjciJgtGlwkHavSurBO5UpX5ij7fDfi3BCuIM6-1k\" target=\"_blank\" rel=\"noopener nofollow noreferrer\" data-lynx-mode=\"asynclazy\">https:\/\/kah-villakoira.blogspot.com\/2019\/02\/omavaraisuussuunnitelmia-vuodelle-2019.html<\/a><\/div>\n<div class=\"_2cuy _3dgx _2vxa\">Jovelan talop\u00e4iv\u00e4kirja <a href=\"https:\/\/l.facebook.com\/l.php?u=https%3A%2F%2Fjovelassa.blogspot.com%2F2019%2F02%2Fajatuksia-omavaraisuudesta.html%3Ffbclid%3DIwAR2tWK4fgs667d6BAjUK-72U46pE-Y-1L7x7NBM7t1yXrc9yhASiy0wyf5M&amp;h=AT0KphOs5CNk9BDoR_uy7jfW6kv97yG0uno_KHmn4F2dtM6IdHMAVTfFUMmKrrdu5km37Zdf9OhqXQFRr3VrIfGDq4mAZfe5zIGYJfCYBJC9pWD2TP9uRTfW2mf88scx3EropB_P\" target=\"_blank\" rel=\"noopener nofollow noreferrer\" data-lynx-mode=\"asynclazy\">https:\/\/jovelassa.blogspot.com\/2019\/02\/ajatuksia-omavaraisuudesta.html<\/a><\/div>\n<div class=\"_2cuy _3dgx _2vxa\">Luomulaakso <a href=\"https:\/\/l.facebook.com\/l.php?u=https%3A%2F%2Fluomulaakso.fi%2Fkevaan-marjapensassuunnitelmat%2F%3Ffbclid%3DIwAR1uNcS__IBhqEnF3e4hLSf2fwkdwgzD2KuQz-pURytTFU8OKFbD24AYlB4&amp;h=AT29KgsRjcbsW2FaN-XFl-QcYQNfa51ao-XP_Ymj-xDfJpJ8kYjgcR2YgOFV3j12dMe60pOXka6IEKBjV379S4AfoWWdPMkhmdAdemEBPNy0SAVe_pchlfSEtbIFUDCWBCiF1Jsr\" target=\"_blank\" rel=\"noopener nofollow noreferrer\" data-lynx-mode=\"asynclazy\">https:\/\/luomulaakso.fi\/kevaan-marjapensassuunnitelmat\/<\/a><\/div>\n<div class=\"_2cuy _3dgx _2vxa\">Villa Koira <a href=\"https:\/\/l.facebook.com\/l.php?u=https%3A%2F%2Fkah-villakoira.blogspot.com%2F2019%2F02%2Fomavaraisuussuunnitelmia-vuodelle-2019.html%3Ffbclid%3DIwAR3KDpL3bWm2ngrq1MdWsqURsxL32xkYLhPFPyCl7nvIIkXF9rCuLvoiq6g&amp;h=AT1d7xTecK993dCORrED4I2oPRjIVFrrXGgpgu8Lme1rJ0P1fcJWqEQCFTgck6k-9CK952rX_dNVS-tZWlscX7YnSPsQMLxjQnmiUXy4dJbqnxAoRM_jntMTxvyz_nXQSdRXDkTY\" target=\"_blank\" rel=\"noopener nofollow noreferrer\" data-lynx-mode=\"asynclazy\">https:\/\/kah-villakoira.blogspot.com\/2019\/02\/omavaraisuussuunnitelmia-vuodelle-2019.html<\/a><\/div>\n<div class=\"_2cuy _3dgx _2vxa\">Laura eli Javis <a href=\"https:\/\/l.facebook.com\/l.php?u=https%3A%2F%2Flauraelijavis.wordpress.com%2F2019%2F02%2F04%2Faskeleitani-kohti-omavaraisuutta-suunnitelmat%3Ffbclid%3DIwAR0pGg-pYbzIDJNvmm48ixtk_OambuZNs1Exmu1nd83NjP2MeKppgD5IhOw&amp;h=AT2unXbvKRu4n3LRmZM0Ei7xt3vkpA9YMk20e0sfOSCoL6R83N4_uuwFHdj-OwF_0iH7ikh-xTr2QTpM0sbEU2LXyMGLP8U08J7RymFw8hCc13oPvkAAbH9B47FSzdrQT2W6e4ZL\" target=\"_blank\" rel=\"noopener nofollow noreferrer\" data-lynx-mode=\"asynclazy\">https:\/\/lauraelijavis.wordpress.com\/2019\/02\/04\/askeleitani-kohti-omavaraisuutta-suunnitelmat<\/a><\/div>\n<div class=\"_2cuy _3dgx _2vxa\">Airot ulapalla <a href=\"https:\/\/airotulapalla.blogspot.com\/2019\/02\/haaveita-ja-suunnitelmia-omavaraisempi.html?fbclid=IwAR2tTOvsIjIXIb2L7ni3n08yyMFZBeWO9CJJSo-nJEwpthN_xtT9kvHGox8\" target=\"_blank\" rel=\"noopener nofollow noreferrer\" data-lynx-mode=\"asynclazy\" data-lynx-uri=\"https:\/\/l.facebook.com\/l.php?u=https%3A%2F%2Fairotulapalla.blogspot.com%2F2019%2F02%2Fhaaveita-ja-suunnitelmia-omavaraisempi.html%3Ffbclid%3DIwAR2tTOvsIjIXIb2L7ni3n08yyMFZBeWO9CJJSo-nJEwpthN_xtT9kvHGox8&amp;h=AT2ibeQfpacwgUuabyCi_BE90P0WWk3q7IOSwM3tQQ52E-bqo3d9ZkVnMuRxBOK1EFKYG-ZpTZJ8_pa9XgbpPhhB16KBOk8xjmwQTNLYoqK4s07oZy19XQDH0RzkQzoooNrFP4xk\">https:\/\/airotulapalla.blogspot.com\/2019\/02\/haaveita-ja-suunnitelmia-omavaraisempi.html<\/a><\/div>\n<div class=\"_2cuy _3dgx _2vxa\">Villa Valtaus <a href=\"https:\/\/villavaltaus.blogspot.com\/2019\/02\/talven-kuulumiset-tulevan-kauden.html?fbclid=IwAR157GOioBp0dqhI9Qgo05C2T5TJxqufdpSx-zQCfUXkhesJBGeU9lML3nM\" target=\"_blank\" rel=\"noopener nofollow noreferrer\" data-lynx-mode=\"asynclazy\" data-lynx-uri=\"https:\/\/l.facebook.com\/l.php?u=https%3A%2F%2Fvillavaltaus.blogspot.com%2F2019%2F02%2Ftalven-kuulumiset-tulevan-kauden.html%3Ffbclid%3DIwAR157GOioBp0dqhI9Qgo05C2T5TJxqufdpSx-zQCfUXkhesJBGeU9lML3nM&amp;h=AT3HYl64t6_pQ_CMtH51FIfm5C-NoOmwy6nlf6F3bnPzl5NnmUAlRVqhJOqyPCTIZpqgunuypQ-_XtEMlq6z5V5YhuxRYdr-c2n0tQOhwBRvqonrgko2Tve9dZsWkNYinIAClSgI\">https:\/\/villavaltaus.blogspot.com\/2019\/02\/talven-kuulumiset-tulevan-kauden.html<\/a><\/div>\n<div class=\"_2cuy _3dgx _2vxa\">Villakotiranta <a href=\"https:\/\/l.facebook.com\/l.php?u=http%3A%2F%2Fwww.villakotiranta.fi%2F%3Fp%3D948%26fbclid%3DIwAR2wYJmyRGRJgsOjHaW8T1kU6aXk8qZGlBVGcL7dKvhbuMC_fstFUp56dmY&amp;h=AT098ctIEw6u25PLSO_ydBwnlg6H6EKB1PAhENzkTol9oTnHPFvRdiE6oWCWM0vajQb9c7T2F_YyQDsBQ6k7TTw9ybxzGtHizlaQvw_xwAZS39W9ybJLa3PNGqt_7knUK_yL9ff-\" target=\"_blank\" rel=\"noopener nofollow noreferrer\" data-lynx-mode=\"asynclazy\">http:\/\/www.villakotiranta.fi\/?p=948<\/a><\/div>\n<div class=\"_2cuy _3dgx _2vxa\">Farmer to Bee: <a href=\"https:\/\/farmertobee.blogspot.com\/2019\/02\/talven-suunnitelmia-ja-haaveita.html?fbclid=IwAR3dpHslgn65Ydu6x-ssjMfxFWJCimJoh4tfsghIqdIfPv4vAziQZdA3qtU\" target=\"_blank\" rel=\"noopener nofollow noreferrer\" data-lynx-mode=\"asynclazy\" data-lynx-uri=\"https:\/\/l.facebook.com\/l.php?u=https%3A%2F%2Ffarmertobee.blogspot.com%2F2019%2F02%2Ftalven-suunnitelmia-ja-haaveita.html%3Ffbclid%3DIwAR3dpHslgn65Ydu6x-ssjMfxFWJCimJoh4tfsghIqdIfPv4vAziQZdA3qtU&amp;h=AT0S8hgZiplclF4BVlMm8IXbgYtupnsrsgIpeL2eDpUhJi2KoXuwOF1UIcDjU2vkslBqlnSeFb74O-ce5yneXdVJwauSsFaNLhFFBC2Z17VQSZx16-VNw-o-YALlUHUgxYu2waMu\">https:\/\/farmertobee.blogspot.com\/2019\/02\/talven-suunnitelmia-ja-haaveita.html<\/a><\/div>\n<p>&nbsp;<\/p>\n","protected":false},"excerpt":{"rendered":"<p>&#8221;Suuntana omavaraisuus&#8221; on omavaraisuudesta kirjoittavien bloggaajien projekti, johon minuakin nyt pyydettiin mukaan. Olin ensin v\u00e4h\u00e4n yll\u00e4ttynyt. Iloinen kyll\u00e4, mutta h\u00e4mmentynyt. Jotenkin olen mielt\u00e4nyt, ett\u00e4 omavaraisuus on jotain suurempaa el\u00e4imineen ja peltoineen, ja t\u00e4m\u00e4 oma maalla el\u00e4minen on v\u00e4h\u00e4n sellaista puuhastelua, josta omavaraisuus on viel\u00e4 valitettavan kaukana. Mutta jos ja kun sarjan nimi on &#8221;suuntana omavaraisuus&#8221;, niin kyll\u00e4h\u00e4n min\u00e4 blogeineni siihen raamiin aika hyvin mahdun. Se on nimitt\u00e4in unelma, jota en ole \u00e4\u00e4neen uskaltanut edes oikein lausua. Olla mahdollisimman omavarainen, vaikka ihan t\u00e4ydelliseen omavaraisuuteen en ole pyrkim\u00e4ss\u00e4k\u00e4\u00e4n. Mullahan on aika hyv\u00e4t puitteet, kun s\u00e4hk\u00f6 tulee &#8221;omasta&#8221; vesivoimalasta, vesi ohi virtaavasta purosta ja puut l\u00e4himets\u00e4st\u00e4. N\u00e4ist\u00e4 l\u00e4ht\u00f6kohdista on aika hyv\u00e4 l\u00e4hte\u00e4 kehitt\u00e4m\u00e4\u00e4n omavaraisuutta my\u00f6s pidemm\u00e4lle. Suuntana omavaraisuus- sarjan idea on, ett\u00e4 jokaisen kuukauden ensimm\u00e4inen maanantai julkaistaan omavaraisuuteen liittyv\u00e4 juttu ennalta sovitusta aiheesta. Mukana &#8221;ringiss\u00e4&#8221; on useita aiheeseen liittyvi\u00e4 blogeja. Kirjoituksen loppuun linkitet\u00e4\u00e4n muut aiheesta kirjoittaneet blogit. Jos aihe kiinnostaa, sielt\u00e4 l\u00f6ytyy paljon hyv\u00e4\u00e4 luettavaa. Sarja k\u00e4ynnistyi t\u00e4m\u00e4n vuoden osalta jo helmikuun alussa, joten olen my\u00f6h\u00e4ss\u00e4 aloituksen suhteen, mutta se ei varmaan haittaa. Joka kuukauden ensimm\u00e4inen maanantai tulee siis aiheeseen liittyv\u00e4 postaus mutta muuten bloggailen niin kuin ennenkin, ja my\u00f6s muusta kuin omavaraisuudesta. Toivottavasti v\u00e4h\u00e4n ahkerammin kuin viime aikoina. Sarjan ensimm\u00e4isen\u00e4 aiheena oli talven kuulumiset ja tulevan kauden suunnitelmat. Talven kuulumisista olen t\u00e4\u00e4ll\u00e4 kirjoitellutkin. Kun viime kes\u00e4n\u00e4 muutin t\u00e4h\u00e4n taloon, aika suurena kysymysmerkkin\u00e4 oli, kuinka yleens\u00e4k\u00e4\u00e4n selvi\u00e4n t\u00e4\u00e4ll\u00e4 talven yli. Hyv\u00e4h\u00e4n t\u00e4ss\u00e4 on kes\u00e4ll\u00e4 asua, mutta miten selvi\u00e4n pime\u00e4st\u00e4 kylm\u00e4st\u00e4 ja lumesta. T\u00e4m\u00e4 talvi on tarjonnut niit\u00e4 kaikkia, ja vaikka v\u00e4lill\u00e4 olenkin v\u00e4h\u00e4n jupissut, niin kaiken kaikkiaan olen selvinnyt kuitenkin eritt\u00e4in hyvin. Yll\u00e4tt\u00e4v\u00e4nkin hyvin. Vaikka olen edelleen sit\u00e4 mielt\u00e4, ett\u00e4 kohtalo on heitt\u00e4nyt minut v\u00e4h\u00e4n v\u00e4\u00e4r\u00e4lle kasvuvy\u00f6hykkeelle, niin joku tarkoitus t\u00e4ss\u00e4 kuitenkin on. Jos mulla on paljon tavoitteita tulevalle kes\u00e4lle, niin viel\u00e4 suurempana tavoitteena voisi olla se, ett\u00e4 ensi talvi kuluisi muuten kuin kes\u00e4\u00e4 odotellessa. Talvi muodostaa niin suuren osan t\u00e4t\u00e4 pohjoista vuotta, ett\u00e4 siit\u00e4kin pit\u00e4isi oppia nauttimaan. T\u00e4\u00e4ll\u00e4 talviurheiluhullujen luvatussa maassa on joskus vaikea muistaa, ett\u00e4 talvesta voi toki nauttia muutenkin kuin pulkkam\u00e4ess\u00e4 ja hiihtoladulla. Jos miettii mennytt\u00e4 talvea omavaraisuuden kannalta, niin omavarainen olen ollut ainoastaan mustikoiden, puolukoiden ja nokkosen suhteen. Mutta jos ajatusta omavaraisuudesta v\u00e4h\u00e4n laajentaa, niin my\u00f6s puiden, veden ja s\u00e4hk\u00f6n suhteen. Tulevan kes\u00e4kauden t\u00e4rkeimp\u00e4n\u00e4 suunnitelmana on kunnon kasvimaan perustaminen. Nyt nuo muutamat kasvulaatikot tuntuvat jotenkin ihan liian pienilt\u00e4 ja lapsellisilta, mutta saa n\u00e4hd\u00e4. T\u00e4ss\u00e4 pihassahan ei ole entisest\u00e4 puutarhasta j\u00e4ljell\u00e4 kuin yksi r\u00e4nsistynyt viinimarjapensas. Entinen kasvimaa on nyt pajukkoa, jonka kimppuun ei pelk\u00e4n lapion voimalla kannata l\u00e4hte\u00e4, mutta minulle on lupailtu t\u00e4nne kaivinkonetta avuksi. Onni on kivat vuokrais\u00e4nn\u00e4t. Kasvihuone on suuri unelmani, mutta sit\u00e4 tuskin viel\u00e4 t\u00e4n\u00e4 kes\u00e4n\u00e4 tulee. Tai kuka tiet\u00e4\u00e4? El\u00e4m\u00e4ll\u00e4 on tapana yll\u00e4tt\u00e4\u00e4. Lainavuohia t\u00e4nne ei ensi kes\u00e4n\u00e4 tule, koska vuohet ja kasvimaa on nyt todettu eritt\u00e4in huonoksi yhdistelm\u00e4ksi niin paljon kun ne muuten tuovatkin el\u00e4m\u00e4\u00e4n. Tuleeko hevoset, j\u00e4\u00e4 n\u00e4ht\u00e4v\u00e4ksi. Toivottavasti ainakin k\u00e4ym\u00e4\u00e4n ja py\u00f6ritt\u00e4m\u00e4\u00e4n v\u00e4h\u00e4ksi aikaa lannoitetehdastaan, sek\u00e4 tietenkin tarjoamaan terapeuttista l\u00e4sn\u00e4oloaan &#8211; sit\u00e4 kaipaan lantaakin enemm\u00e4n :). Hevosenlantaa on viime kes\u00e4n j\u00e4ljilt\u00e4 aika hyv\u00e4t kasat ja se on ainakin taatusti luomulaatuista. Sinneh\u00e4n on kierr\u00e4tetty my\u00f6s ne viime kes\u00e4n lehtikaalit ja &#8211; sellerit&#8230; V\u00e4h\u00e4n harmittaa se, ett\u00e4 en saanut tehty\u00e4 lannasta kunnon kompostia. Puutarhakompostin rakentaminen onkin ensi kes\u00e4n suunnitelmissa. Kanoja? Mun tekisi niin mieli hankkia kanoja, mutta saa n\u00e4hd\u00e4. T\u00e4ll\u00e4 tilalla rakennuskanta on niin vanhaa, l\u00e4hinn\u00e4 kotiseutumuseotasoa, ett\u00e4 kanalan perustaminen vaatisi melkoista urakkaa. Toisaalta tuli just mieleen, ett\u00e4 vuokrais\u00e4nnill\u00e4 taitaa olla kanala nyt tyhjill\u00e4\u00e4n&#8230; hmm. Jos kanat olisi t\u00e4\u00e4ll\u00e4 kes\u00e4n ja talven siell\u00e4 kanalassa? Siin\u00e4 saattaisi olla ideaa. Yksi tavoite on my\u00f6s jatkaa tuon puron rannan siivoamista ja raivaamista. T\u00e4m\u00e4 oma puroni on v\u00e4h\u00e4n isomman joen sivuhaara, ja siin\u00e4 isommassa joessa on taimenia. Kaatuneet puut ovat aikojen saatossa melkein tukkineet t\u00e4m\u00e4n oman puroni, mutta jos sen saisi raivattua kunnolla, niin kuka tiet\u00e4\u00e4?\u00a0 Ehk\u00e4 taimenet p\u00e4\u00e4sisiv\u00e4t uimaan taas t\u00e4h\u00e4nkin. No, suunnitelmat ovat suunnitelmia. En hakkaa niit\u00e4 kiveen ja yrit\u00e4n nauttia el\u00e4m\u00e4st\u00e4. Annan el\u00e4m\u00e4n tapahtua. Tied\u00e4n nimitt\u00e4in, ett\u00e4 my\u00f6s ne kivat ja nautinnolliset asiat voivat uuvuttaa ja muuttua stressiksi. Mutta nyt ei muuta. Sarjan seuraava osa ilmestyykin jo ensi viikon maanataina. Silloin aiheena on eteneminen sek\u00e4 blogin ja kirjoittajan historia ja esittely. Olen pit\u00e4nyt blogia jo niin kauan, ett\u00e4 monelle n\u00e4m\u00e4 saattavat olla tuttuja juttuja, mutta yrit\u00e4n kehitell\u00e4 asiaan v\u00e4h\u00e4n uutta n\u00e4k\u00f6kulmaa. Ja ehk\u00e4 t\u00e4m\u00e4n projektin my\u00f6t\u00e4 t\u00e4nne ilmestyy my\u00f6s uusia lukijoita &#8211; olette kaikki l\u00e4mpim\u00e4sti tervetulleita! &nbsp; T\u00e4ss\u00e4 linkit muihin sarjan blogeihin. Lista on pitk\u00e4, mutta ajatelkaa, miten monet ovat aiheesta kiinnostuneita? Tosi paljon hyv\u00e4\u00e4 luettavaa! Ehk\u00e4 t\u00e4m\u00e4 maailma viel\u00e4 pelastuu? Tsajut https:\/\/tsajut.fi\/kuulumisia-ja-suunnitelmia\/Harmaa torppa https:\/\/www.harmaatorppa.fi\/2019\/02\/omavaraisuutta-vuonna-2019-osa-1.htmlRiippumattomammaksi https:\/\/riippumattomammaksi.blogspot.com\/2019\/01\/projekti-omavaraisempi-elama-2019.html Urban farming https:\/\/finlandurbanfarming.blogspot.com\/2019\/02\/omasta-maasta-omalle-perheelle.html Korkeala https:\/\/www.korkeala.fi\/omavaisuus-sarjan-aloitus-vuodelle-2019\/ Maalaiskaupungin piha https:\/\/maalaiskaupunginpiha.blogspot.com\/2019\/02\/talven-kuulumisia-ja-suunnitelmia.html Pienenpieni farmi https:\/\/pienenpienifarmi.com\/?p=353 Palokankaan pientila https:\/\/palokankaanpientila.blogspot.com\/2019\/02\/talven-kuulumiset-ja-tulevan-kauden.html Rakkautta ja maanantimia https:\/\/rakkauttajamaanantimia.blogspot.com\/2019\/02\/omavaraistelevaa-elamaa-2019-osa-1.html Iso-Orvokkiniitty http:\/\/iso-orvokkiniitty.fi\/blog\/suunnitelmia-kesalle\/ Mets\u00e4l\u00e4isten el\u00e4m\u00e4\u00e4 https:\/\/metsalaistenelamaa.blogspot.com\/2019\/02\/omavaraisempaa-elamaa-2019-osa-1.html Torpan Tytt\u00f6 https:\/\/torpantytto.com\/2019\/02\/04\/omavaraistelua-vuonna-2019\/ Caramellia https:\/\/caramellia.fi\/suuret-lupaukset-kasvukaudelle-2019\/ Varmuusvara https:\/\/varmuusvara.blogspot.com\/2019\/02\/talven-kuulumiset-tulevan-kauden.html Sarin puutarhat https:\/\/sarinpuutarhat.blogspot.com\/2019\/02\/suunnittelua-omavaraisuus-kotipihalla.html Mrs Sinn https:\/\/mrssinn.blogspot.com\/2019\/02\/iloa-kasvukauteen-2019-joy-for-next.html Villa Koira https:\/\/kah-villakoira.blogspot.com\/2019\/02\/omavaraisuussuunnitelmia-vuodelle-2019.html Jovelan talop\u00e4iv\u00e4kirja https:\/\/jovelassa.blogspot.com\/2019\/02\/ajatuksia-omavaraisuudesta.html Luomulaakso https:\/\/luomulaakso.fi\/kevaan-marjapensassuunnitelmat\/ Villa Koira https:\/\/kah-villakoira.blogspot.com\/2019\/02\/omavaraisuussuunnitelmia-vuodelle-2019.html Laura eli Javis https:\/\/lauraelijavis.wordpress.com\/2019\/02\/04\/askeleitani-kohti-omavaraisuutta-suunnitelmat Airot ulapalla https:\/\/airotulapalla.blogspot.com\/2019\/02\/haaveita-ja-suunnitelmia-omavaraisempi.html Villa Valtaus https:\/\/villavaltaus.blogspot.com\/2019\/02\/talven-kuulumiset-tulevan-kauden.html Villakotiranta http:\/\/www.villakotiranta.fi\/?p=948 Farmer to Bee: https:\/\/farmertobee.blogspot.com\/2019\/02\/talven-suunnitelmia-ja-haaveita.html &nbsp;<\/p>\n","protected":false},"author":1,"featured_media":1411,"comment_status":"open","ping_status":"open","sticky":false,"template":"","format":"standard","meta":{"footnotes":""},"categories":[50],"tags":[14,21,61,13],"class_list":["post-1778","post","type-post","status-publish","format-standard","has-post-thumbnail","hentry","category-puutarha","tag-kasvimaa","tag-kesa","tag-omavaraisuus","tag-puutarha"],"acf":[],"_links":{"self":[{"href":"https:\/\/www.samanotavanalla.fi\/index.php?rest_route=\/wp\/v2\/posts\/1778","targetHints":{"allow":["GET"]}}],"collection":[{"href":"https:\/\/www.samanotavanalla.fi\/index.php?rest_route=\/wp\/v2\/posts"}],"about":[{"href":"https:\/\/www.samanotavanalla.fi\/index.php?rest_route=\/wp\/v2\/types\/post"}],"author":[{"embeddable":true,"href":"https:\/\/www.samanotavanalla.fi\/index.php?rest_route=\/wp\/v2\/users\/1"}],"replies":[{"embeddable":true,"href":"https:\/\/www.samanotavanalla.fi\/index.php?rest_route=%2Fwp%2Fv2%2Fcomments&post=1778"}],"version-history":[{"count":15,"href":"https:\/\/www.samanotavanalla.fi\/index.php?rest_route=\/wp\/v2\/posts\/1778\/revisions"}],"predecessor-version":[{"id":1797,"href":"https:\/\/www.samanotavanalla.fi\/index.php?rest_route=\/wp\/v2\/posts\/1778\/revisions\/1797"}],"wp:featuredmedia":[{"embeddable":true,"href":"https:\/\/www.samanotavanalla.fi\/index.php?rest_route=\/wp\/v2\/media\/1411"}],"wp:attachment":[{"href":"https:\/\/www.samanotavanalla.fi\/index.php?rest_route=%2Fwp%2Fv2%2Fmedia&parent=1778"}],"wp:term":[{"taxonomy":"category","embeddable":true,"href":"https:\/\/www.samanotavanalla.fi\/index.php?rest_route=%2Fwp%2Fv2%2Fcategories&post=1778"},{"taxonomy":"post_tag","embeddable":true,"href":"https:\/\/www.samanotavanalla.fi\/index.php?rest_route=%2Fwp%2Fv2%2Ftags&post=1778"}],"curies":[{"name":"wp","href":"https:\/\/api.w.org\/{rel}","templated":true}]}}