{"id":1799,"date":"2019-03-04T11:00:07","date_gmt":"2019-03-04T11:00:07","guid":{"rendered":"https:\/\/www.samanotavanalla.fi\/?p=1799"},"modified":"2019-08-16T16:42:14","modified_gmt":"2019-08-16T16:42:14","slug":"suuntana-omavaraisuus-2","status":"publish","type":"post","link":"https:\/\/www.samanotavanalla.fi\/?p=1799","title":{"rendered":"Suuntana omavaraisuus, kirjoittajan ja blogin esittely"},"content":{"rendered":"<p>T\u00e4m\u00e4 postaus on mukana &#8221;Suuntana omavaraisuus&#8221; -kirjoitusprojektissa, jossa joukko bloggaajia kirjoittaa kuukausittain aiheeseen liittyv\u00e4n yhteispostauksen. Aihe on yhteinen, mutta l\u00e4hestymistapa jokaisella erilainen. Muut yhteispostaukseen osallistujat l\u00f6yd\u00e4t listana postauksen lopussa. K\u00e4y tutustumassa &#8211; paljon mielenkiintoisia blogeja ja mielenkiintoisia juttuja!<\/p>\n<p>T\u00e4m\u00e4n kuun aiheena on suunnitelmien edistyminen ( j\u00e4\u00e4 nyt v\u00e4hemm\u00e4lle&#8230;) sek\u00e4 kirjoittajan ja blogin esittely. Olkaapa hyv\u00e4t!<\/p>\n<p><a href=\"https:\/\/www.samanotavanalla.fi\/wp-content\/uploads\/2017\/04\/fullsizeoutput_26.jpeg\"><img fetchpriority=\"high\" decoding=\"async\" class=\"alignnone size-full wp-image-21\" src=\"https:\/\/www.samanotavanalla.fi\/wp-content\/uploads\/2017\/04\/fullsizeoutput_26.jpeg\" alt=\"\" width=\"3054\" height=\"2291\" srcset=\"https:\/\/www.samanotavanalla.fi\/wp-content\/uploads\/2017\/04\/fullsizeoutput_26.jpeg 3054w, https:\/\/www.samanotavanalla.fi\/wp-content\/uploads\/2017\/04\/fullsizeoutput_26-300x225.jpeg 300w, https:\/\/www.samanotavanalla.fi\/wp-content\/uploads\/2017\/04\/fullsizeoutput_26-768x576.jpeg 768w, https:\/\/www.samanotavanalla.fi\/wp-content\/uploads\/2017\/04\/fullsizeoutput_26-1024x768.jpeg 1024w\" sizes=\"(max-width: 3054px) 100vw, 3054px\" \/><\/a><\/p>\n<p><strong>V\u00e4h\u00e4n kirjoittajasta:<\/strong><\/p>\n<p>P\u00e4\u00e4tymiseni Norjaan ja juuri t\u00e4lle paikkakunnalle oli enemm\u00e4n ja v\u00e4hemm\u00e4n sattumaa. Tai itse puhun t\u00e4ss\u00e4 yhteydess\u00e4 mielummin kohtalosta. Tulin t\u00e4nne vuonna 2010 viikonlopun ratsastusreissulle, paikka hurmasi minut totaalisesti, ja vuoden 2012 alussa muutin t\u00e4nne asumaan.<\/p>\n<p>Muutto ei ollut miss\u00e4\u00e4n mieless\u00e4 j\u00e4rkev\u00e4\u00e4 ammatillisesti tai taloudellisesti, saati ett\u00e4 se olisi ollut helppo projekti, mutta silti el\u00e4m\u00e4ni paras p\u00e4\u00e4t\u00f6s.<\/p>\n<p>Vaikka olen maaseudulta kotoisin, olin viett\u00e4nyt viimeiset 30 vuotta kaupunkilaisel\u00e4m\u00e4\u00e4. Meill\u00e4 oli kes\u00e4paikka, jossa sain kes\u00e4isin ty\u00f6nt\u00e4\u00e4 k\u00e4teni multaan, mutta se noin kolme viikkoa vuodesta tuntui kovin lyhyelt\u00e4 ajalta.<\/p>\n<p>Kun silloin pohdin el\u00e4m\u00e4\u00e4ni ja sit\u00e4, milloin olen onnellisimmillani, oli ne mieleen piirtyneet hetket aina maalta: seisoessani hevosten kanssa laitumella tai tehdess\u00e4ni t\u00f6it\u00e4 kes\u00e4paikkamme kasvimaalla.<\/p>\n<p>Norjassa yhdistyi useampikin unelmani: asuminen ulkomailla, asuminen maaseudulla ja hevoset. V\u00e4lill\u00e4 olen miettinyt, ett\u00e4 kohtalo heitti minut v\u00e4h\u00e4n v\u00e4\u00e4r\u00e4lle kasvuvy\u00f6hykkeelle. En ole mik\u00e4\u00e4n talvi-ihminen ja talvi on t\u00e4\u00e4ll\u00e4 niin armottoman pitk\u00e4, mutta nyt n\u00e4in.<\/p>\n<p><a href=\"https:\/\/www.samanotavanalla.fi\/wp-content\/uploads\/2017\/05\/fullsizeoutput_b2f.jpeg\"><img decoding=\"async\" class=\"alignnone size-full wp-image-226\" src=\"https:\/\/www.samanotavanalla.fi\/wp-content\/uploads\/2017\/05\/fullsizeoutput_b2f.jpeg\" alt=\"\" width=\"4272\" height=\"2848\" srcset=\"https:\/\/www.samanotavanalla.fi\/wp-content\/uploads\/2017\/05\/fullsizeoutput_b2f.jpeg 4272w, https:\/\/www.samanotavanalla.fi\/wp-content\/uploads\/2017\/05\/fullsizeoutput_b2f-300x200.jpeg 300w, https:\/\/www.samanotavanalla.fi\/wp-content\/uploads\/2017\/05\/fullsizeoutput_b2f-768x512.jpeg 768w, https:\/\/www.samanotavanalla.fi\/wp-content\/uploads\/2017\/05\/fullsizeoutput_b2f-1024x683.jpeg 1024w\" sizes=\"(max-width: 4272px) 100vw, 4272px\" \/><\/a><\/p>\n<p>N\u00e4iden seitsem\u00e4n vuoden aikana olen ehtinyt asua kolmen eri maatilan pihapiiriss\u00e4. Kasvimaita ja kukkapenkkej\u00e4 on ollut erilaisina versioina, ruukkupuutarhasta oikein kunnon kasvimaahan.<\/p>\n<p>Asumismuoto tuntui alussa turvalliselta, helpolta ja huolettomalta. Viime vuonna se alkoi kuitenkin tuntua v\u00e4h\u00e4n liiankin turvalliselta. Asuin maalla, mutta en kuitenkaan oikein maalla, vaan hyvin tiiviisti toisten pihassa.<\/p>\n<p>Vajaa vuosi sitten teinkin suurimman hyppyni Norjaan muuttoni j\u00e4lkeen, ja muutin asumaan nyt ihan omaan taloon ja omaan pihaan. Vuokralle siis edelleen, mutta en kenenk\u00e4\u00e4n pihapiiriin.<\/p>\n<p>Minulla on kuitenkin edelleen entiset eritt\u00e4in mukavat ja reilut vuokranantajat, ja tied\u00e4n, ett\u00e4 saan asua t\u00e4ss\u00e4 talossa niin kauan kuin jaksan ja haluan. Minulla on my\u00f6s hyvin vapaat k\u00e4det tehd\u00e4 piha mieleisekseni.<\/p>\n<p><a href=\"https:\/\/www.samanotavanalla.fi\/wp-content\/uploads\/2018\/05\/WP_20180518_19_20_26_Pro.jpg\"><img decoding=\"async\" class=\"alignnone size-full wp-image-1410\" src=\"https:\/\/www.samanotavanalla.fi\/wp-content\/uploads\/2018\/05\/WP_20180518_19_20_26_Pro.jpg\" alt=\"\" width=\"5344\" height=\"3008\" srcset=\"https:\/\/www.samanotavanalla.fi\/wp-content\/uploads\/2018\/05\/WP_20180518_19_20_26_Pro.jpg 5344w, https:\/\/www.samanotavanalla.fi\/wp-content\/uploads\/2018\/05\/WP_20180518_19_20_26_Pro-300x169.jpg 300w, https:\/\/www.samanotavanalla.fi\/wp-content\/uploads\/2018\/05\/WP_20180518_19_20_26_Pro-768x432.jpg 768w, https:\/\/www.samanotavanalla.fi\/wp-content\/uploads\/2018\/05\/WP_20180518_19_20_26_Pro-1024x576.jpg 1024w\" sizes=\"(max-width: 5344px) 100vw, 5344px\" \/><\/a><\/p>\n<p>P\u00e4\u00e4sin lopulta muuttamaan t\u00e4nne viime hein\u00e4kuussa, kes\u00e4lomani viimeisen\u00e4 p\u00e4iv\u00e4n\u00e4. Muuttokuormassa tuli mukanani my\u00f6s entisen vuokranantajani kuusi nuorta vuohitytt\u00f6\u00e4 &#8221;maisemanhoitajiksi&#8221;, sek\u00e4 hevosia erilaisissa kokoonpanoissa.<\/p>\n<p>Nuo maisemanhoitajat keskittyiv\u00e4t kuitenkin sy\u00f6m\u00e4\u00e4n ne v\u00e4h\u00e4isetkin viljelykseni, nukkumaan korituoleissa ja karkailemaan milloin kenenkin per\u00e4ss\u00e4, varsinaisen maisemanhoidon j\u00e4\u00e4dess\u00e4 v\u00e4hemm\u00e4lle. Viime kes\u00e4st\u00e4 ei tullutkaan kes\u00e4\u00e4 puutarhurina, vaan <span style=\"color: #800000;\"><a style=\"color: #800000;\" href=\"https:\/\/www.samanotavanalla.fi\/?p=1529\">kes\u00e4 vuohipaimenena.<\/a><\/span><\/p>\n<p>Lehtikaalit, sellerit ja vadelmat meniv\u00e4t parempiin suihin, ja itse ehdin poimia talteen ainoastaan v\u00e4h\u00e4n nokkosta. Sek\u00e4 hevoset ett\u00e4 vuohet tarjosivat kuitenkin niin paljon naurua ja iloa, ett\u00e4 lehtikaalit eiv\u00e4t j\u00e4\u00e4neet harmittamaan. Hienosti kasvaneet lehtisellerit v\u00e4h\u00e4n.<\/p>\n<p><a href=\"https:\/\/www.samanotavanalla.fi\/wp-content\/uploads\/2018\/10\/WP_20180901_14_47_40_Pro.jpg\"><img loading=\"lazy\" decoding=\"async\" class=\"alignnone size-full wp-image-1537\" src=\"https:\/\/www.samanotavanalla.fi\/wp-content\/uploads\/2018\/10\/WP_20180901_14_47_40_Pro.jpg\" alt=\"\" width=\"5344\" height=\"3008\" srcset=\"https:\/\/www.samanotavanalla.fi\/wp-content\/uploads\/2018\/10\/WP_20180901_14_47_40_Pro.jpg 5344w, https:\/\/www.samanotavanalla.fi\/wp-content\/uploads\/2018\/10\/WP_20180901_14_47_40_Pro-300x169.jpg 300w, https:\/\/www.samanotavanalla.fi\/wp-content\/uploads\/2018\/10\/WP_20180901_14_47_40_Pro-768x432.jpg 768w, https:\/\/www.samanotavanalla.fi\/wp-content\/uploads\/2018\/10\/WP_20180901_14_47_40_Pro-1024x576.jpg 1024w\" sizes=\"(max-width: 5344px) 100vw, 5344px\" \/><\/a><\/p>\n<p>Nyt on edess\u00e4 ensimm\u00e4inen kokonainen kev\u00e4t ja kes\u00e4 t\u00e4ss\u00e4 talossa. Vuohia t\u00e4nne ei t\u00e4n\u00e4 kes\u00e4n\u00e4 tule, mutta mahdollisesti pari hevosta. Minulla on paljon suunnitelmia, mutta n\u00e4ht\u00e4v\u00e4ksi j\u00e4\u00e4, kuinka paljon saan niist\u00e4 toteutettua, koska tied\u00e4n kuinka paljon ty\u00f6t\u00e4 se vaatii. El\u00e4n yksin, joten minulla on p\u00e4\u00e4s\u00e4\u00e4nt\u00f6isesti vain kaksi k\u00e4tt\u00e4 ja rajallisesti aikaa.<\/p>\n<p>Olen puutarhurina aika rohkea ja huoleton &#8211; niin hyv\u00e4ss\u00e4 kuin pahassa. Joskus olen onnistunut yli kaikkien odotusten, joskus kokenut <span style=\"color: #800000;\"><a style=\"color: #800000;\" href=\"https:\/\/www.samanotavanalla.fi\/?p=634\">totaalisia ep\u00e4onnistumisia<\/a><\/span>. Mik\u00e4\u00e4n mestaripuutarhuri en todellakaan ole. Mutta puutarhan hoidossa minulle ei ole koskaan ollut t\u00e4rkeint\u00e4 lopputulos, vaan matka itsess\u00e4\u00e4n.<\/p>\n<p>Nautin puutarhat\u00f6ist\u00e4 suunnattomasti. Jos asiaa kuitenkin ajattelee omavaraisuuden kannalta, pit\u00e4isi ehk\u00e4 alkaa mietti\u00e4 v\u00e4h\u00e4n enemm\u00e4n my\u00f6s sit\u00e4 lopputulosta&#8230; Olen kirjoittanut puutarhahulluudestani mm. <a href=\"https:\/\/www.samanotavanalla.fi\/?p=634\"><span style=\"color: #800000;\">t\u00e4\u00e4ll\u00e4.<\/span><\/a><\/p>\n<p><a href=\"https:\/\/www.samanotavanalla.fi\/wp-content\/uploads\/2017\/05\/fullsizeoutput_2313.jpeg\"><img loading=\"lazy\" decoding=\"async\" class=\"alignnone size-full wp-image-211\" src=\"https:\/\/www.samanotavanalla.fi\/wp-content\/uploads\/2017\/05\/fullsizeoutput_2313.jpeg\" alt=\"\" width=\"4272\" height=\"2848\" srcset=\"https:\/\/www.samanotavanalla.fi\/wp-content\/uploads\/2017\/05\/fullsizeoutput_2313.jpeg 4272w, https:\/\/www.samanotavanalla.fi\/wp-content\/uploads\/2017\/05\/fullsizeoutput_2313-300x200.jpeg 300w, https:\/\/www.samanotavanalla.fi\/wp-content\/uploads\/2017\/05\/fullsizeoutput_2313-768x512.jpeg 768w, https:\/\/www.samanotavanalla.fi\/wp-content\/uploads\/2017\/05\/fullsizeoutput_2313-1024x683.jpeg 1024w\" sizes=\"(max-width: 4272px) 100vw, 4272px\" \/><\/a><\/p>\n<p><strong>Muutama sana blogista:<\/strong><\/p>\n<p>Saman otavan alla -blogi on ollut olemassa jo joulukuusta 2012.\u00a0 Ensimm\u00e4iset vuodet kirjoitin bloggerissa (l\u00f6ytyy edelleen googlaamalla), mutta pari vuotta sitten siirryin t\u00e4nne wordpressiin. V\u00e4lill\u00e4 olen kirjoittanut ahkerammin, v\u00e4lill\u00e4 harvakseltaan.<\/p>\n<p>Blogin kirjoitukset ovat kummunneet omasta el\u00e4m\u00e4st\u00e4ni. Mukana on kulkenut Norja, luonto, puutarha, hevoset ja kissat, ja v\u00e4lill\u00e4 olen kirjoittanut muista mielt\u00e4 askarruttavista asioista. Olen kirjoittanut my\u00f6s <span style=\"color: #800000;\"><a style=\"color: #800000;\" href=\"https:\/\/www.samanotavanalla.fi\/?p=209\">unelmien puutarhasta<\/a><\/span>, silloin kuin t\u00e4st\u00e4 talosta ei ollut viel\u00e4 tietoakaan.<\/p>\n<p>Blogi on henkil\u00f6kohtainen, mutta ei yksityinen. Kerron kyll\u00e4 omasta el\u00e4m\u00e4st\u00e4ni, mutta rajaan yleens\u00e4 sen yksityisimm\u00e4n, varsinkin muihin ihmisiin liittyv\u00e4n, blogin ulkopuolelle.<\/p>\n<p><a href=\"https:\/\/www.samanotavanalla.fi\/wp-content\/uploads\/2018\/10\/WP_20180605_18_28_16_Pro.jpg\"><img loading=\"lazy\" decoding=\"async\" class=\"alignnone size-full wp-image-1533\" src=\"https:\/\/www.samanotavanalla.fi\/wp-content\/uploads\/2018\/10\/WP_20180605_18_28_16_Pro.jpg\" alt=\"\" width=\"5344\" height=\"3008\" srcset=\"https:\/\/www.samanotavanalla.fi\/wp-content\/uploads\/2018\/10\/WP_20180605_18_28_16_Pro.jpg 5344w, https:\/\/www.samanotavanalla.fi\/wp-content\/uploads\/2018\/10\/WP_20180605_18_28_16_Pro-300x169.jpg 300w, https:\/\/www.samanotavanalla.fi\/wp-content\/uploads\/2018\/10\/WP_20180605_18_28_16_Pro-768x432.jpg 768w, https:\/\/www.samanotavanalla.fi\/wp-content\/uploads\/2018\/10\/WP_20180605_18_28_16_Pro-1024x576.jpg 1024w\" sizes=\"(max-width: 5344px) 100vw, 5344px\" \/><\/a><\/p>\n<p>Koska el\u00e4m\u00e4ni tulee nyt varmaan py\u00f6rim\u00e4\u00e4n t\u00e4m\u00e4n vanhan talon ymp\u00e4rill\u00e4 ja puutarhassa (siin\u00e4 tulevassa), niin on todenn\u00e4k\u00f6ist\u00e4, ett\u00e4 my\u00f6s blogini tulee painottumaan samoihin asioihin.<\/p>\n<p>T\u00e4llainen el\u00e4m\u00e4nmuoto kulkee k\u00e4si k\u00e4dess\u00e4 my\u00f6s mahdollisimman suuren omavaraisuuden ja ymp\u00e4rist\u00f6tietoisuuden kanssa. Pyrin el\u00e4m\u00e4\u00e4n mahdollisimman yksinkertaisesti, tiiviiss\u00e4 yhteydess\u00e4 ymp\u00e4r\u00f6iv\u00e4\u00e4n luontoon ja kuluttamaan mahdollisimman v\u00e4h\u00e4n.<\/p>\n<p>Min\u00e4kin olen kovin huolissani maailman nykytilasta. Katastrofi on edennyt jo niin pitk\u00e4lle, ett\u00e4 uskon ainoan ratkaisun olevan jonkinlainen \u00e4kkik\u00e4\u00e4nn\u00f6s el\u00e4m\u00e4ntavassamme.<\/p>\n<p>Jos t\u00e4h\u00e4n asti ollaan keskitytty kierr\u00e4tt\u00e4miseen ja j\u00e4tteiden lajitteluun, niin nyt meid\u00e4n t\u00e4ytyy alkaa keskitty\u00e4 siihen, ett\u00e4 sit\u00e4 j\u00e4tett\u00e4 ei synny, eli kulutustottumusten radikaaliin muuttamiseen ja kulutuksen v\u00e4hent\u00e4miseen. Ei vain ole muuta mahdollisuutta.<\/p>\n<p>Mutta sen suurimman muutoksen pit\u00e4\u00e4 tapahtua mieless\u00e4mme. Kun tiet\u00e4misen lis\u00e4ksi alamme todella tiedostaa, muutokset ovat lopulta suhteellisen helppoja, eik\u00e4 el\u00e4m\u00e4 muutu sen ankeammaksi. Pikemminkin t\u00e4ydemm\u00e4ksi ja antoisammaksi &#8211; n\u00e4in uskon.<\/p>\n<p>V\u00e4lill\u00e4 maailman tilanne tuntuu ep\u00e4toivoiselta, mutta toivo on mennyt vasta sill\u00e4 hetkell\u00e4, kun uskomme, ett\u00e4 meill\u00e4 ei ole en\u00e4\u00e4 toivoa. Meille on annettu niin uskomattoman kaunis maailma. Teen omalta osaltani parhaani, ett\u00e4 se s\u00e4ilyisi j\u00e4lkipolvillekin. Jos en min\u00e4 yrit\u00e4, niin kuka sitten?<\/p>\n<p>&nbsp;<\/p>\n<p>Toivottavasti pysyt mukana jatkossakin &#8211; edess\u00e4 on hurjan mielenkiintoinen kev\u00e4t ja kes\u00e4!<\/p>\n<p>&nbsp;<\/p>\n<p>Muut projektiin osallistuvat blogit ovat t\u00e4ss\u00e4, k\u00e4y ihmeess\u00e4 tutustumassa:<\/p>\n<div class=\"_39k5 _5s6c\">\n<div>\n<p><span class=\"_4yxo\">1. <strong>Farmer to bee<\/strong><\/span> <a href=\"https:\/\/farmertobee.blogspot.com\/2019\/03\/farmarin-esittely-ja-polulla-eteneminen.html?fbclid=IwAR2Mz2uis0J1RshS5qI8fQPjPHY_hyfY-78q7DATHmw0Raq6NvqK-kI8hag\" target=\"_blank\" rel=\"noopener nofollow noreferrer\" data-lynx-mode=\"asynclazy\" data-lynx-uri=\"https:\/\/l.facebook.com\/l.php?u=https%3A%2F%2Ffarmertobee.blogspot.com%2F2019%2F03%2Ffarmarin-esittely-ja-polulla-eteneminen.html%3Ffbclid%3DIwAR2Mz2uis0J1RshS5qI8fQPjPHY_hyfY-78q7DATHmw0Raq6NvqK-kI8hag&amp;h=AT29aP_5u4t5PgEmY6W9Y3-f_8g2qd31Iedtnbb0WMQHTEaSOiBcAqXd0KoUtJTP1GghIMGZHOH2NlFImcJxmp7nYNaj4fVzHeSV3rYHPif8jPIO0mf5r1CUdlcVuTHWnCklnQgX\">https:\/\/farmertobee.blogspot.com\/2019\/03\/farmarin-esittely-ja-polulla-eteneminen.html<\/a><\/p>\n<p>2. <strong><span class=\"_4yxo\">Urban Farming kaupunkiviljely<\/span><\/strong> <a href=\"https:\/\/finlandurbanfarming.blogspot.com\/2019\/03\/omavaraisuus-ja-me-seka-lierot.html?fbclid=IwAR1AoA3tUaaem8GAyB6wnUqv0aH1TnVrfGpD12hCb0etLK5Jv1_YkucvaNs\" target=\"_blank\" rel=\"noopener nofollow noreferrer\" data-lynx-mode=\"asynclazy\" data-lynx-uri=\"https:\/\/l.facebook.com\/l.php?u=https%3A%2F%2Ffinlandurbanfarming.blogspot.com%2F2019%2F03%2Fomavaraisuus-ja-me-seka-lierot.html%3Ffbclid%3DIwAR1AoA3tUaaem8GAyB6wnUqv0aH1TnVrfGpD12hCb0etLK5Jv1_YkucvaNs&amp;h=AT2loxMRHj1tf3kvj_brAq1f2MxP6QuBArTLu6YaD1NywxCLP2xPTOHCH6DyzWYtGFLEeJ3SHq-iL27EGtyDAWxHM9v2RMA7ErQVG0b3VQcHjZOz1XbiuM0OmmNiqeE6S7vVepl7\">https:\/\/finlandurbanfarming.blogspot.com\/2019\/03\/omavaraisuus-ja-me-seka-lierot.html<\/a><\/p>\n<div class=\"_2cuy _3dgx _2vxa\">3. <strong><span class=\"_4yxo\">Tsajut <\/span><\/strong><a href=\"https:\/\/tsajut.fi\/453-2\/?fbclid=IwAR2FCOgx6rZsFNo4nVItoG5GahtP6Mgl1aGGgU_J95jE7PhouqdKqwrELVA\" target=\"_blank\" rel=\"noopener nofollow noreferrer\" data-lynx-mode=\"asynclazy\" data-lynx-uri=\"https:\/\/l.facebook.com\/l.php?u=https%3A%2F%2Ftsajut.fi%2F453-2%2F%3Ffbclid%3DIwAR2FCOgx6rZsFNo4nVItoG5GahtP6Mgl1aGGgU_J95jE7PhouqdKqwrELVA&amp;h=AT3wHlgXdzIgoJ6LmyWzsblWuQG0RXCGtkMKvW5HgRuaqdKrDiJJtSPaHXbjqj0sIe_XHYuHrYdzV73KcByHRPZURfA5sYmL7qVbrJjpewU_6RFC4Hi_k-2mEGybURoe4ZgYgz2d\">https:\/\/tsajut.fi\/<span class=\"_4yxo\">suuntana-omavaraisuus-osa-2<\/span>\/<\/a><\/div>\n<div class=\"_2cuy _3dgx _2vxa\">4. <strong><span class=\"_4yxo\">Sarin puutarhat<\/span><\/strong> <a href=\"https:\/\/sarinpuutarhat.blogspot.com\/2019\/03\/mina-sariw-omavaraisuus-kotipihalla.html?fbclid=IwAR0inqZJgZW7bK-QpFoWzjqGC9XmTxWjQsUPItJvq4S_pmWZNFOGHZDo5Gw\" target=\"_blank\" rel=\"noopener nofollow noreferrer\" data-lynx-mode=\"asynclazy\" data-lynx-uri=\"https:\/\/l.facebook.com\/l.php?u=https%3A%2F%2Fsarinpuutarhat.blogspot.com%2F2019%2F03%2Fmina-sariw-omavaraisuus-kotipihalla.html%3Ffbclid%3DIwAR0inqZJgZW7bK-QpFoWzjqGC9XmTxWjQsUPItJvq4S_pmWZNFOGHZDo5Gw&amp;h=AT1doIHg4EIFDkpZ59LRpQkptcdeseDvygXgtEr2-OhbhFCkPKSqR6TLSWQWAINsNVsV8AKhDxLMqXBQgJ6iIFIXtekYecnbIbsi1v8UjClAsE_d4l7zpzxIUj09Ik3i1dD-A_EI\">https:\/\/sarinpuutarhat.blogspot.com\/2019\/03\/mina-sariw-omavaraisuus-kotipihalla.html<\/a>\u200e<\/div>\n<div class=\"_2cuy _3dgx _2vxa\">5. <strong><span class=\"_4yxo\">Maalaiskaupungin piha <\/span><\/strong><a href=\"https:\/\/maalaiskaupunginpiha.blogspot.com\/2019\/03\/eteneminen-ja-esittely.html?fbclid=IwAR0fJcPzOBn8ECUUIf69ANuZKU_f7IKc4hHHZMoBXRa3LBhaeOQA8hnjzxI\" target=\"_blank\" rel=\"noopener nofollow noreferrer\" data-lynx-mode=\"asynclazy\" data-lynx-uri=\"https:\/\/l.facebook.com\/l.php?u=https%3A%2F%2Fmaalaiskaupunginpiha.blogspot.com%2F2019%2F03%2Feteneminen-ja-esittely.html%3Ffbclid%3DIwAR0fJcPzOBn8ECUUIf69ANuZKU_f7IKc4hHHZMoBXRa3LBhaeOQA8hnjzxI&amp;h=AT0No6j00tjYIVjQ18Pt7SNO7pXyhos5tnWMELC92hE2-dmU1dU44GeLbSO2xxLSWlIULf6Z6JrCqhwGPuZwo39Xt9tVaDZFlBNfAzzoEp78MzWSBU3bDRhVN7OsI5Vobj8FTePZ\">https:\/\/maalaiskaupunginpiha.blogspot.com\/2019\/03\/eteneminen-ja-esittely.html<\/a><\/div>\n<div class=\"_2cuy _3dgx _2vxa\">6. <strong><span class=\"_4yxo\">Laura eli Javis<\/span><\/strong> <a href=\"https:\/\/lauraelijavis.wordpress.com\/2019\/03\/04\/askeleitani-kohti-omavaraisuutta-osa-2?fbclid=IwAR18W34w6HehHzp7ZnmudrEWXxD_Yz1u-g5n-cFV9ZxUcFT6PSE8oAhzU24\" target=\"_blank\" rel=\"noopener nofollow noreferrer\" data-lynx-mode=\"asynclazy\" data-lynx-uri=\"https:\/\/l.facebook.com\/l.php?u=https%3A%2F%2Flauraelijavis.wordpress.com%2F2019%2F03%2F04%2Faskeleitani-kohti-omavaraisuutta-osa-2%3Ffbclid%3DIwAR18W34w6HehHzp7ZnmudrEWXxD_Yz1u-g5n-cFV9ZxUcFT6PSE8oAhzU24&amp;h=AT24K3KcxJEd--LItu9HPRs617eOzHgPETLvL-60u4MCuVQ0NX2ItOp68tU3Vw3InLFYmn6gIVpqR-LA3ZK7uT5v6LgSlnK6t-wlvGEOt1c18NeL7bJ-oOFNG6QuT1EAPo5NfrvM\">https:\/\/lauraelijavis.wordpress.com\/2019\/03\/04\/askeleitani-kohti-omavaraisuutta-osa-2<\/a><\/div>\n<div class=\"_2cuy _3dgx _2vxa\"><span class=\"_4yxo\">7. <strong>Ku ite tekee<\/strong><\/span> <a href=\"http:\/\/www.kuitetekee.com\/?p=6083&amp;fbclid=IwAR2BwO4faKZkZIV3oDjFsl48GKyzKwe3FpHLPxZmB3yPHRsC9SxDOeVjKis\" target=\"_blank\" rel=\"noopener nofollow noreferrer\" data-lynx-mode=\"asynclazy\" data-lynx-uri=\"https:\/\/l.facebook.com\/l.php?u=http%3A%2F%2Fwww.kuitetekee.com%2F%3Fp%3D6083%26fbclid%3DIwAR2BwO4faKZkZIV3oDjFsl48GKyzKwe3FpHLPxZmB3yPHRsC9SxDOeVjKis&amp;h=AT0rLwcSbTa0EMDNYGr4tYChni_cmDp7DSWqVx8-TK7lg6GLc6OA22YVhIFmDBvVzQlQlbniID4VAZli3YzCf5Y4KWvNaGoR41GsgtvUkseQJTteBJ-sCKgVx2ayQZfT0WXOvX1n\">http:\/\/www.kuitetekee.com\/2019\/03\/04\/<span class=\"_4yxo\">osittainen-omavaraistalous<\/span>\/<\/a><\/div>\n<div class=\"_2cuy _3dgx _2vxa\">8.<strong><span class=\"_4yxo\"> Mets\u00e4l\u00e4isten el\u00e4m\u00e4\u00e4 <\/span><\/strong> <a href=\"https:\/\/metsalaistenelamaa.blogspot.com\/2019\/03\/omavaraisempaa-elamaa-2019-osa-2.html?fbclid=IwAR0Ls0opQFYyz4RQai5RyfjYXrFm0TrgmCogFMlwvMHPXXYBHmfDgJyKjmQ\" target=\"_blank\" rel=\"noopener nofollow noreferrer\" data-lynx-mode=\"asynclazy\" data-lynx-uri=\"https:\/\/l.facebook.com\/l.php?u=https%3A%2F%2Fmetsalaistenelamaa.blogspot.com%2F2019%2F03%2Fomavaraisempaa-elamaa-2019-osa-2.html%3Ffbclid%3DIwAR0Ls0opQFYyz4RQai5RyfjYXrFm0TrgmCogFMlwvMHPXXYBHmfDgJyKjmQ&amp;h=AT0Pyr3k2sITEvyBH-pNhjn3ood3T2qwGV-jafGQuzTnGvRVw6xdCJT1MfpH20IDHfdHDyLsOlHJWPMGc5uQKor4iv46AXGFLU6tT_K6gRQvvev7e6gWvBOnlMqgzNJeCoiBwizy\">https:\/\/metsalaistenelamaa.blogspot.com\/2019\/03\/omavaraisempaa-elamaa-2019-osa-2.html<\/a><\/div>\n<div class=\"_2cuy _3dgx _2vxa\"><span class=\"_4yxo\">9. <strong>Riippumattomammaksi<\/strong><\/span> <a href=\"https:\/\/l.facebook.com\/l.php?u=https%3A%2F%2Friippumattomammaksi.blogspot.com%2F2019%2F03%2Fprojekti-omavaraisempi-elama-2019.html%3Ffbclid%3DIwAR3bhNdn7MlRXiM3RtaDxsAcl8vC-Dclt-LGFEX3kNIr6p3s56zVulFqEoo&amp;h=AT3r2DN89lzC-l7kZyBnasyqu5iImdyWp_t7H3atdsrg8Qtu17DBkdYHaDqNuE19KKN7U49XmRovYuD0miFO4UdL0GKW-IMoEmwE6DBAxNXhC8LS-LbVo0naOmpyviPthW11_xIa\" target=\"_blank\" rel=\"noopener nofollow noreferrer\" data-lynx-mode=\"asynclazy\">https:\/\/riippumattomammaksi.blogspot.com\/2019\/03\/projekti-omavaraisempi-elama-2019.html<\/a><\/div>\n<div class=\"_2cuy _3dgx _2vxa\">10. <strong><span class=\"_4yxo\">Korkeala <\/span><\/strong><a href=\"https:\/\/l.facebook.com\/l.php?u=https%3A%2F%2Fwww.korkeala.fi%2Fsuuntana-omavaraisuus-mutta-millainen-porukka-taalla-suunnistaa%3Ffbclid%3DIwAR0lE_UPNM60dVdgc2u3tPMawk6SGYL04DplfRJ8_9lSAvDZNI7BecwljLc&amp;h=AT33UhyeXALIENso5YI7ksv75pefCcG9eY2H08dhwUKGzHaSYE4cWUAWAxlDIPQqFdubpscLCKpgHobjdxvm3EoLDNV3fpcW7H9XKmdpAPZjX1N4kgQ9Y4X3Zjx2gfVouyHjzXHq\" target=\"_blank\" rel=\"noopener nofollow noreferrer\" data-lynx-mode=\"asynclazy\">https:\/\/www.korkeala.fi\/suuntana-omavaraisuus-mutta-millainen-porukka-taalla-suunnistaa<\/a> 11. Saman otavan alla <a href=\"https:\/\/l.facebook.com\/l.php?u=https%3A%2F%2Fwww.samanotavanalla.fi%2F%3Fp%3D1799%26fbclid%3DIwAR1eD70qOkSel9aP1ksrlQpb30LjMtyL6SHYeQHvq8nep4xjLCdokjsy2Z4&amp;h=AT0LjpCbtkJF3GThiPGd4ldQwHb580MFn8XuyY1TafzQZQRLmAzbTZ74qIbmxUOl1vWJdw7dnFYZY_gAzIav-Z416KePUXdqHAwfHm5Q01Pen2J1c6KNrqw0Es01l-rRT11Kr49H\" target=\"_blank\" rel=\"noopener nofollow noreferrer\" data-lynx-mode=\"asynclazy\">https:\/\/www.samanotavanalla.fi\/?p=1799<\/a><\/div>\n<div class=\"_2cuy _3dgx _2vxa\">12. <strong>Airot ulapalla<\/strong> <a href=\"https:\/\/l.facebook.com\/l.php?u=https%3A%2F%2Fairotulapalla.blogspot.com%2F2019%2F03%2Fsuuntana-omavaraisuus-kuka-mita-ja-miksi.html%3Ffbclid%3DIwAR0mUcBpO4XtC9MMr2MDpwTT9n-3O0aGBYzJz9ZyZjMwmXlQVaNZJr4yYLI&amp;h=AT3mzxSJ2tZEtXtO_hSle35Fb5V12LLwfvksxW3Yp9d5k5TBQQUOboxCu0EmGmrcUdOCs14T5iCTk3R_ga0eElFK-aMWaBUTuYlB-yHVOMtLEU5SONWBtJEiW25yJLgrnRJCHhdx\" target=\"_blank\" rel=\"noopener nofollow noreferrer\" data-lynx-mode=\"asynclazy\">https:\/\/airotulapalla.blogspot.com\/2019\/03\/suuntana-omavaraisuus-kuka-mita-ja-miksi.html<\/a><\/div>\n<div class=\"_2cuy _3dgx _2vxa\">13. <strong>Villa Koira<\/strong><\/div>\n<div class=\"_2cuy _3dgx _2vxa\"><a href=\"https:\/\/l.facebook.com\/l.php?u=https%3A%2F%2Fkah-villakoira.blogspot.com%2F2019%2F03%2Fomavaraisesti-oma-itseni.html%3Ffbclid%3DIwAR3wLad2z-V3DtsfecKtoPO0CxQzFAPf1gOsDBLUdBVR9qjLmbUeRDClQ-c&amp;h=AT0A5GPgE4Qg9ayS268OX8Xggjyg7kNBmKcf6KBqUj5PTaYPfN4gmS-Y96-6u_KZAiP0mCjvYZ0ZGKbXwmw2PZ3--oO7Guf50Vv65xRFPs5Kd-sQok7S7tK3f7yZnaRKteFakYE7\" target=\"_blank\" rel=\"noopener nofollow noreferrer\" data-lynx-mode=\"asynclazy\">https:\/\/kah-villakoira.blogspot.com\/2019\/03\/omavaraisesti-oma-itseni.html<\/a><\/div>\n<div class=\"_2cuy _3dgx _2vxa\">14.<strong><span class=\"_4yxo\"> Torpan Tytt\u00f6<\/span><\/strong> <a href=\"https:\/\/l.facebook.com\/l.php?u=http%3A%2F%2Ftorpantytto.com%2F2019%2F03%2F02%2Finventaario-pakastimessa%3Ffbclid%3DIwAR2T8hpw2gSaIMphWssJNnQLutfc5gIenmZu3_9OhR2ObOQCjigf85-g4q0&amp;h=AT09hrk4RKMHyluMah_aOM37MblfMtCUplNTe_QU8gxEseJT9wlD99Y-huqiYHN8mejh4kvCQS9jcK-rZVGaHDhl4O_kzLZuBo1LTO2zoQoCl22p6Wsbprw8p5BMKwRC5tnMhCyN\" target=\"_blank\" rel=\"noopener nofollow noreferrer\" data-lynx-mode=\"asynclazy\">http:\/\/torpantytto.com\/2019\/03\/02\/inventaario-pakastimessa<\/a><\/div>\n<div class=\"_2cuy _3dgx _2vxa\">15. <strong>Caramellia<\/strong> <a href=\"https:\/\/l.facebook.com\/l.php?u=https%3A%2F%2Fcaramellia.fi%2Fpysaytyskuvassakaikkihyvin%2F%3Ffbclid%3DIwAR0xCb-Op6AGVGJp3HNCV9ElwXaAqeB8Xh5Ygnf1hsqSC6zYGSRWV4xKPjg&amp;h=AT004hRG_-M6kEN7bCTXqqB-AIAAQzjpb4bMrKJTWG0kDrclSYEHVe9bRx1-OBJKejg6_GOndCLSpS-I3qwvIW491fIx0uw0SIthQhjD0tBzQ4SK6nYsmxhDuF_2gd3MjHDrgTZL\" target=\"_blank\" rel=\"noopener nofollow noreferrer\" data-lynx-mode=\"asynclazy\">https:\/\/caramellia.fi\/pysaytyskuvassakaikkihyvin\/<\/a><\/div>\n<div class=\"_2cuy _3dgx _2vxa\">16. <strong>Villa Kotiranta<\/strong><\/div>\n<div class=\"_2cuy _3dgx _2vxa\"><a href=\"https:\/\/l.facebook.com\/l.php?u=http%3A%2F%2Fwww.villakotiranta.fi%2F%3Fp%3D1114%26fbclid%3DIwAR2LXj0u5xxY3l0CD0Vcgdjzmyoq0-U4Yzi6RvQ2UYZivkFw4ZTqQdJt0p8&amp;h=AT3BKMdzXbn32-q9CcP5cA6SIDRDAzJJwRr3S7weFLuHZcmB9QZhWizBVxOEMZVxp1ENgVFzE7YxWAbzt4e2VWjSrTcTHJAJWpdAoq11UotyzSBBW9Umd-IYH8Nq6_qCA-IPkBQd\" target=\"_blank\" rel=\"noopener nofollow noreferrer\" data-lynx-mode=\"asynclazy\">http:\/\/www.villakotiranta.fi\/?p=1114<\/a><\/div>\n<div class=\"_2cuy _3dgx _2vxa\">17. <strong>Alussa oli Vehkosuo<\/strong> <a href=\"https:\/\/l.facebook.com\/l.php?u=https%3A%2F%2Fvehkosuo.blogspot.com%2F2019%2F03%2Fmita-kuuluu-kevaan-odotukseen.html%3Ffbclid%3DIwAR3l0wbHVirUMlEziz5HL3eJOb40Vz9qvBwGKaF1PqqhhssUlXEMupXHncE&amp;h=AT2VJ-ohuJu76zoganBWiyGEnxgxuOVLCGE7r3CjMgcYrtQrA02nIuRG3SIBrnmEQIh53txSH4_GlL-wZStuXaH20y3Ns8MrvQCyzxIjgD5_zO_IGnK-aCx3f3cGZxorShhf3S4y\" target=\"_blank\" rel=\"noopener nofollow noreferrer\" data-lynx-mode=\"asynclazy\">https:\/\/vehkosuo.blogspot.com\/2019\/03\/mita-kuuluu-kevaan-odotukseen.html<\/a><\/div>\n<div class=\"_2cuy _3dgx _2vxa\">18. <strong>Luomulaakso<\/strong> <a href=\"https:\/\/l.facebook.com\/l.php?u=https%3A%2F%2Fluomulaakso.fi%2Fluomulaaksossa-elellaan-astetta-ekologisemmin-muttei-unohdeta-nykymukavuuksia%2F%3Ffbclid%3DIwAR3cNC-_96ChVT-HpVAqTJ6sHQ_1788p1ukshnHxzRFCST-1EkAkmEas5Pg&amp;h=AT2EZxTSPPnrSt5ACEZSVc9NBLS_9EcUnV_7v_DfWE_ZK82iOXM9WZdT3YD9LZAOPB8ho9mGj4oLt_oS_3lSc6homyVZclOpuf3Tl9o7zCJ69meA1IQS937ggvMuMarGO5ZN8EQn\" target=\"_blank\" rel=\"noopener nofollow noreferrer\" data-lynx-mode=\"asynclazy\">https:\/\/luomulaakso.fi\/luomulaaksossa-elellaan-astetta-ekologisemmin-muttei-unohdeta-nykymukavuuksia\/<\/a><\/div>\n<div class=\"_2cuy _3dgx _2vxa\">19. <strong>Kohti laadukkaampa el\u00e4m\u00e4\u00e4<\/strong> <a href=\"https:\/\/l.facebook.com\/l.php?u=https%3A%2F%2Fvarmuusvara.blogspot.com%2F2019%2F03%2Faskeleita-kohti-omavaraisuutta-2.html%3Ffbclid%3DIwAR2Xi9e3-2Is2VFu5VOz-nVEjFkqQZq9qLKPc87ck1XtIlAQrtPs7A6NTUc&amp;h=AT2Dxg3u-rWjIniRvcSV4X_8GE2LOmlUqGEohyvbjFY2maooPub51m6YfgzhazA9ZgNQ9xw9Nb_tON68jRgl6ZY1SugqdanPuCbWnruDM8kB4KEgnHKjabfjRh-WqVIcfK0Qg2I_\" target=\"_blank\" rel=\"noopener nofollow noreferrer\" data-lynx-mode=\"asynclazy\">https:\/\/varmuusvara.blogspot.com\/2019\/03\/askeleita-kohti-omavaraisuutta-2.html<\/a><\/div>\n<div class=\"_2cuy _3dgx _2vxa\">20. <strong>Rakkautta ja maanantimia<\/strong> <a href=\"https:\/\/l.facebook.com\/l.php?u=https%3A%2F%2Frakkauttajamaanantimia.blogspot.com%2F2019%2F03%2Fomavaraistelevaa-elamaa-2019-osa-2-keta.html%3Ffbclid%3DIwAR0jY2PexeqgXRv5GRoiHHDjVk4qbv4LrW-Xwjy7rMv1XXvkxtEGuDmy2vk&amp;h=AT13dewcWIW9U2ySN4YC699FlVBdP6yLsXkzPoQnPJX5vN8Uevm6yL84BQ46Xx19f3ZVNUszCbiN6U0lnEzgaFM61FVXwi8QbJAqi69eo69evg1-PQb3ZKPX6JmXxz03ZkAf9R1r\" target=\"_blank\" rel=\"noopener nofollow noreferrer\" data-lynx-mode=\"asynclazy\">https:\/\/rakkauttajamaanantimia.blogspot.com\/2019\/03\/omavaraistelevaa-elamaa-2019-osa-2-keta.html<\/a><\/div>\n<div class=\"_2cuy _3dgx _2vxa\">21. <strong>Iso-Orvokkiniitty<\/strong> <a href=\"https:\/\/iso-orvokkiniitty.fi\/?p=1912&amp;fbclid=IwAR15nVttONydIMTFML8qLiHBdQj8WJHkq2XuIHqSqis832sr4YK908JKsmA\" target=\"_blank\" rel=\"noopener nofollow noreferrer\" data-lynx-mode=\"asynclazy\" data-lynx-uri=\"https:\/\/l.facebook.com\/l.php?u=https%3A%2F%2Fiso-orvokkiniitty.fi%2F%3Fp%3D1912%26fbclid%3DIwAR15nVttONydIMTFML8qLiHBdQj8WJHkq2XuIHqSqis832sr4YK908JKsmA&amp;h=AT1Ao0D5UKMrlmS2YYn31z1vjRm7MZfiBae551WPhSBCC_GkJiUnAaOIneWpZvoE3uscUvla2lPbRyLh3n2sWcvSsZkrkYcdJ3-QYSGSrYU1x4BM8X99WvHkyi9qp743NiaCy58H\">https:\/\/iso-orvokkiniitty.fi\/blog\/<span class=\"_4yxo\">punainen-mokki-ja-perunamaa<\/span>\/(avaa uuden v\u00e4lilehden)<\/a><\/div>\n<div class=\"_2cuy _3dgx _2vxa\">22. <strong>Jovelan talop\u00e4iv\u00e4kirja<\/strong> <a href=\"https:\/\/jovelassa.blogspot.com\/2019\/03\/vaaran-vankyran-talon-vaki.html?fbclid=IwAR206HgAcQIO04bhU2mkOtntx0vpGoZizmioqcsCBSo5hq9LY0562nM_leU\" target=\"_blank\" rel=\"noopener nofollow noreferrer\" data-lynx-mode=\"asynclazy\" data-lynx-uri=\"https:\/\/l.facebook.com\/l.php?u=https%3A%2F%2Fjovelassa.blogspot.com%2F2019%2F03%2Fvaaran-vankyran-talon-vaki.html%3Ffbclid%3DIwAR206HgAcQIO04bhU2mkOtntx0vpGoZizmioqcsCBSo5hq9LY0562nM_leU&amp;h=AT2Ng0-nfpyQtWToJDOpdJsHyY9jX0SsIoNArhUp0HWZKvt6ZSLUlqW1W2sMSP_8Bk82AKl_0e1jai84xHY8GGOJ9BqrWh_RrHf2wx3VdFmGpLDnZjzrerQ6H1m0_52gXO4-hHWF\">https:\/\/jovelassa.blogspot.com\/2019\/03\/vaaran-vankyran-talon-vaki.html<\/a><\/div>\n<div class=\"_2cuy _3dgx _2vxa\">23. <strong>Mrs Sinn<\/strong> <a href=\"https:\/\/mrssinn.blogspot.com\/2019\/03\/arvot-ja-aika-values-and-time.html?fbclid=IwAR23_2aRiQKJ0CbAzX8-9Ki27sK3by4Y97tmabYO_QumZPOI6OFg2dcm00E\" target=\"_blank\" rel=\"noopener nofollow noreferrer\" data-lynx-mode=\"asynclazy\" data-lynx-uri=\"https:\/\/l.facebook.com\/l.php?u=https%3A%2F%2Fmrssinn.blogspot.com%2F2019%2F03%2Farvot-ja-aika-values-and-time.html%3Ffbclid%3DIwAR23_2aRiQKJ0CbAzX8-9Ki27sK3by4Y97tmabYO_QumZPOI6OFg2dcm00E&amp;h=AT3N22-chirCjFehqucK0Y_mq-46JncHC-D-S-E6Y4s4LFu4-NRfI41RT-JlfZsQJEnt7ugQfEhm3PLJESDjah3f7IX3BsbtfTuxw86uCGXsVm4MqTHrSNSVRT8D1z2UZqLKKINZ\">https:\/\/mrssinn.blogspot.com\/2019\/03\/arvot-ja-aika-values-and-time.html<\/a><\/div>\n<\/div>\n<\/div>\n<div class=\"_4lmp\">\n<div class=\"_78tc\">\n<div class=\"_78so\">\n<div class=\"_68wo\" data-testid=\"fbFeedStoryUFI\/feedbackSummary\">\n<div class=\"_3vum\">\n<div class=\"_4vn1 _4jlh\"><\/div>\n<\/div>\n<\/div>\n<\/div>\n<\/div>\n<\/div>\n","protected":false},"excerpt":{"rendered":"<p>T\u00e4m\u00e4 postaus on mukana &#8221;Suuntana omavaraisuus&#8221; -kirjoitusprojektissa, jossa joukko bloggaajia kirjoittaa kuukausittain aiheeseen liittyv\u00e4n yhteispostauksen. Aihe on yhteinen, mutta l\u00e4hestymistapa jokaisella erilainen. Muut yhteispostaukseen osallistujat l\u00f6yd\u00e4t listana postauksen lopussa. K\u00e4y tutustumassa &#8211; paljon mielenkiintoisia blogeja ja mielenkiintoisia juttuja! T\u00e4m\u00e4n kuun aiheena on suunnitelmien edistyminen ( j\u00e4\u00e4 nyt v\u00e4hemm\u00e4lle&#8230;) sek\u00e4 kirjoittajan ja blogin esittely. Olkaapa hyv\u00e4t! V\u00e4h\u00e4n kirjoittajasta: P\u00e4\u00e4tymiseni Norjaan ja juuri t\u00e4lle paikkakunnalle oli enemm\u00e4n ja v\u00e4hemm\u00e4n sattumaa. Tai itse puhun t\u00e4ss\u00e4 yhteydess\u00e4 mielummin kohtalosta. Tulin t\u00e4nne vuonna 2010 viikonlopun ratsastusreissulle, paikka hurmasi minut totaalisesti, ja vuoden 2012 alussa muutin t\u00e4nne asumaan. Muutto ei ollut miss\u00e4\u00e4n mieless\u00e4 j\u00e4rkev\u00e4\u00e4 ammatillisesti tai taloudellisesti, saati ett\u00e4 se olisi ollut helppo projekti, mutta silti el\u00e4m\u00e4ni paras p\u00e4\u00e4t\u00f6s. Vaikka olen maaseudulta kotoisin, olin viett\u00e4nyt viimeiset 30 vuotta kaupunkilaisel\u00e4m\u00e4\u00e4. Meill\u00e4 oli kes\u00e4paikka, jossa sain kes\u00e4isin ty\u00f6nt\u00e4\u00e4 k\u00e4teni multaan, mutta se noin kolme viikkoa vuodesta tuntui kovin lyhyelt\u00e4 ajalta. Kun silloin pohdin el\u00e4m\u00e4\u00e4ni ja sit\u00e4, milloin olen onnellisimmillani, oli ne mieleen piirtyneet hetket aina maalta: seisoessani hevosten kanssa laitumella tai tehdess\u00e4ni t\u00f6it\u00e4 kes\u00e4paikkamme kasvimaalla. Norjassa yhdistyi useampikin unelmani: asuminen ulkomailla, asuminen maaseudulla ja hevoset. V\u00e4lill\u00e4 olen miettinyt, ett\u00e4 kohtalo heitti minut v\u00e4h\u00e4n v\u00e4\u00e4r\u00e4lle kasvuvy\u00f6hykkeelle. En ole mik\u00e4\u00e4n talvi-ihminen ja talvi on t\u00e4\u00e4ll\u00e4 niin armottoman pitk\u00e4, mutta nyt n\u00e4in. N\u00e4iden seitsem\u00e4n vuoden aikana olen ehtinyt asua kolmen eri maatilan pihapiiriss\u00e4. Kasvimaita ja kukkapenkkej\u00e4 on ollut erilaisina versioina, ruukkupuutarhasta oikein kunnon kasvimaahan. Asumismuoto tuntui alussa turvalliselta, helpolta ja huolettomalta. Viime vuonna se alkoi kuitenkin tuntua v\u00e4h\u00e4n liiankin turvalliselta. Asuin maalla, mutta en kuitenkaan oikein maalla, vaan hyvin tiiviisti toisten pihassa. Vajaa vuosi sitten teinkin suurimman hyppyni Norjaan muuttoni j\u00e4lkeen, ja muutin asumaan nyt ihan omaan taloon ja omaan pihaan. Vuokralle siis edelleen, mutta en kenenk\u00e4\u00e4n pihapiiriin. Minulla on kuitenkin edelleen entiset eritt\u00e4in mukavat ja reilut vuokranantajat, ja tied\u00e4n, ett\u00e4 saan asua t\u00e4ss\u00e4 talossa niin kauan kuin jaksan ja haluan. Minulla on my\u00f6s hyvin vapaat k\u00e4det tehd\u00e4 piha mieleisekseni. P\u00e4\u00e4sin lopulta muuttamaan t\u00e4nne viime hein\u00e4kuussa, kes\u00e4lomani viimeisen\u00e4 p\u00e4iv\u00e4n\u00e4. Muuttokuormassa tuli mukanani my\u00f6s entisen vuokranantajani kuusi nuorta vuohitytt\u00f6\u00e4 &#8221;maisemanhoitajiksi&#8221;, sek\u00e4 hevosia erilaisissa kokoonpanoissa. Nuo maisemanhoitajat keskittyiv\u00e4t kuitenkin sy\u00f6m\u00e4\u00e4n ne v\u00e4h\u00e4isetkin viljelykseni, nukkumaan korituoleissa ja karkailemaan milloin kenenkin per\u00e4ss\u00e4, varsinaisen maisemanhoidon j\u00e4\u00e4dess\u00e4 v\u00e4hemm\u00e4lle. Viime kes\u00e4st\u00e4 ei tullutkaan kes\u00e4\u00e4 puutarhurina, vaan kes\u00e4 vuohipaimenena. Lehtikaalit, sellerit ja vadelmat meniv\u00e4t parempiin suihin, ja itse ehdin poimia talteen ainoastaan v\u00e4h\u00e4n nokkosta. Sek\u00e4 hevoset ett\u00e4 vuohet tarjosivat kuitenkin niin paljon naurua ja iloa, ett\u00e4 lehtikaalit eiv\u00e4t j\u00e4\u00e4neet harmittamaan. Hienosti kasvaneet lehtisellerit v\u00e4h\u00e4n. Nyt on edess\u00e4 ensimm\u00e4inen kokonainen kev\u00e4t ja kes\u00e4 t\u00e4ss\u00e4 talossa. Vuohia t\u00e4nne ei t\u00e4n\u00e4 kes\u00e4n\u00e4 tule, mutta mahdollisesti pari hevosta. Minulla on paljon suunnitelmia, mutta n\u00e4ht\u00e4v\u00e4ksi j\u00e4\u00e4, kuinka paljon saan niist\u00e4 toteutettua, koska tied\u00e4n kuinka paljon ty\u00f6t\u00e4 se vaatii. El\u00e4n yksin, joten minulla on p\u00e4\u00e4s\u00e4\u00e4nt\u00f6isesti vain kaksi k\u00e4tt\u00e4 ja rajallisesti aikaa. Olen puutarhurina aika rohkea ja huoleton &#8211; niin hyv\u00e4ss\u00e4 kuin pahassa. Joskus olen onnistunut yli kaikkien odotusten, joskus kokenut totaalisia ep\u00e4onnistumisia. Mik\u00e4\u00e4n mestaripuutarhuri en todellakaan ole. Mutta puutarhan hoidossa minulle ei ole koskaan ollut t\u00e4rkeint\u00e4 lopputulos, vaan matka itsess\u00e4\u00e4n. Nautin puutarhat\u00f6ist\u00e4 suunnattomasti. Jos asiaa kuitenkin ajattelee omavaraisuuden kannalta, pit\u00e4isi ehk\u00e4 alkaa mietti\u00e4 v\u00e4h\u00e4n enemm\u00e4n my\u00f6s sit\u00e4 lopputulosta&#8230; Olen kirjoittanut puutarhahulluudestani mm. t\u00e4\u00e4ll\u00e4. Muutama sana blogista: Saman otavan alla -blogi on ollut olemassa jo joulukuusta 2012.\u00a0 Ensimm\u00e4iset vuodet kirjoitin bloggerissa (l\u00f6ytyy edelleen googlaamalla), mutta pari vuotta sitten siirryin t\u00e4nne wordpressiin. V\u00e4lill\u00e4 olen kirjoittanut ahkerammin, v\u00e4lill\u00e4 harvakseltaan. Blogin kirjoitukset ovat kummunneet omasta el\u00e4m\u00e4st\u00e4ni. Mukana on kulkenut Norja, luonto, puutarha, hevoset ja kissat, ja v\u00e4lill\u00e4 olen kirjoittanut muista mielt\u00e4 askarruttavista asioista. Olen kirjoittanut my\u00f6s unelmien puutarhasta, silloin kuin t\u00e4st\u00e4 talosta ei ollut viel\u00e4 tietoakaan. Blogi on henkil\u00f6kohtainen, mutta ei yksityinen. Kerron kyll\u00e4 omasta el\u00e4m\u00e4st\u00e4ni, mutta rajaan yleens\u00e4 sen yksityisimm\u00e4n, varsinkin muihin ihmisiin liittyv\u00e4n, blogin ulkopuolelle. Koska el\u00e4m\u00e4ni tulee nyt varmaan py\u00f6rim\u00e4\u00e4n t\u00e4m\u00e4n vanhan talon ymp\u00e4rill\u00e4 ja puutarhassa (siin\u00e4 tulevassa), niin on todenn\u00e4k\u00f6ist\u00e4, ett\u00e4 my\u00f6s blogini tulee painottumaan samoihin asioihin. T\u00e4llainen el\u00e4m\u00e4nmuoto kulkee k\u00e4si k\u00e4dess\u00e4 my\u00f6s mahdollisimman suuren omavaraisuuden ja ymp\u00e4rist\u00f6tietoisuuden kanssa. Pyrin el\u00e4m\u00e4\u00e4n mahdollisimman yksinkertaisesti, tiiviiss\u00e4 yhteydess\u00e4 ymp\u00e4r\u00f6iv\u00e4\u00e4n luontoon ja kuluttamaan mahdollisimman v\u00e4h\u00e4n. Min\u00e4kin olen kovin huolissani maailman nykytilasta. Katastrofi on edennyt jo niin pitk\u00e4lle, ett\u00e4 uskon ainoan ratkaisun olevan jonkinlainen \u00e4kkik\u00e4\u00e4nn\u00f6s el\u00e4m\u00e4ntavassamme. Jos t\u00e4h\u00e4n asti ollaan keskitytty kierr\u00e4tt\u00e4miseen ja j\u00e4tteiden lajitteluun, niin nyt meid\u00e4n t\u00e4ytyy alkaa keskitty\u00e4 siihen, ett\u00e4 sit\u00e4 j\u00e4tett\u00e4 ei synny, eli kulutustottumusten radikaaliin muuttamiseen ja kulutuksen v\u00e4hent\u00e4miseen. Ei vain ole muuta mahdollisuutta. Mutta sen suurimman muutoksen pit\u00e4\u00e4 tapahtua mieless\u00e4mme. Kun tiet\u00e4misen lis\u00e4ksi alamme todella tiedostaa, muutokset ovat lopulta suhteellisen helppoja, eik\u00e4 el\u00e4m\u00e4 muutu sen ankeammaksi. Pikemminkin t\u00e4ydemm\u00e4ksi ja antoisammaksi &#8211; n\u00e4in uskon. V\u00e4lill\u00e4 maailman tilanne tuntuu ep\u00e4toivoiselta, mutta toivo on mennyt vasta sill\u00e4 hetkell\u00e4, kun uskomme, ett\u00e4 meill\u00e4 ei ole en\u00e4\u00e4 toivoa. Meille on annettu niin uskomattoman kaunis maailma. Teen omalta osaltani parhaani, ett\u00e4 se s\u00e4ilyisi j\u00e4lkipolvillekin. Jos en min\u00e4 yrit\u00e4, niin kuka sitten? &nbsp; Toivottavasti pysyt mukana jatkossakin &#8211; edess\u00e4 on hurjan mielenkiintoinen kev\u00e4t ja kes\u00e4! &nbsp; Muut projektiin osallistuvat blogit ovat t\u00e4ss\u00e4, k\u00e4y ihmeess\u00e4 tutustumassa: 1. Farmer to bee https:\/\/farmertobee.blogspot.com\/2019\/03\/farmarin-esittely-ja-polulla-eteneminen.html 2. Urban Farming kaupunkiviljely https:\/\/finlandurbanfarming.blogspot.com\/2019\/03\/omavaraisuus-ja-me-seka-lierot.html 3. Tsajut https:\/\/tsajut.fi\/suuntana-omavaraisuus-osa-2\/ 4. Sarin puutarhat https:\/\/sarinpuutarhat.blogspot.com\/2019\/03\/mina-sariw-omavaraisuus-kotipihalla.html\u200e 5. Maalaiskaupungin piha https:\/\/maalaiskaupunginpiha.blogspot.com\/2019\/03\/eteneminen-ja-esittely.html 6. Laura eli Javis https:\/\/lauraelijavis.wordpress.com\/2019\/03\/04\/askeleitani-kohti-omavaraisuutta-osa-2 7. Ku ite tekee http:\/\/www.kuitetekee.com\/2019\/03\/04\/osittainen-omavaraistalous\/ 8. Mets\u00e4l\u00e4isten el\u00e4m\u00e4\u00e4 https:\/\/metsalaistenelamaa.blogspot.com\/2019\/03\/omavaraisempaa-elamaa-2019-osa-2.html 9. Riippumattomammaksi https:\/\/riippumattomammaksi.blogspot.com\/2019\/03\/projekti-omavaraisempi-elama-2019.html 10. Korkeala https:\/\/www.korkeala.fi\/suuntana-omavaraisuus-mutta-millainen-porukka-taalla-suunnistaa 11. Saman otavan alla https:\/\/www.samanotavanalla.fi\/?p=1799 12. Airot ulapalla https:\/\/airotulapalla.blogspot.com\/2019\/03\/suuntana-omavaraisuus-kuka-mita-ja-miksi.html 13. Villa Koira https:\/\/kah-villakoira.blogspot.com\/2019\/03\/omavaraisesti-oma-itseni.html 14. Torpan Tytt\u00f6 http:\/\/torpantytto.com\/2019\/03\/02\/inventaario-pakastimessa 15. Caramellia https:\/\/caramellia.fi\/pysaytyskuvassakaikkihyvin\/ 16. Villa Kotiranta http:\/\/www.villakotiranta.fi\/?p=1114 17. Alussa oli Vehkosuo https:\/\/vehkosuo.blogspot.com\/2019\/03\/mita-kuuluu-kevaan-odotukseen.html 18. Luomulaakso https:\/\/luomulaakso.fi\/luomulaaksossa-elellaan-astetta-ekologisemmin-muttei-unohdeta-nykymukavuuksia\/ 19. Kohti laadukkaampa el\u00e4m\u00e4\u00e4 https:\/\/varmuusvara.blogspot.com\/2019\/03\/askeleita-kohti-omavaraisuutta-2.html 20. Rakkautta ja maanantimia https:\/\/rakkauttajamaanantimia.blogspot.com\/2019\/03\/omavaraistelevaa-elamaa-2019-osa-2-keta.html 21. Iso-Orvokkiniitty https:\/\/iso-orvokkiniitty.fi\/blog\/punainen-mokki-ja-perunamaa\/(avaa uuden v\u00e4lilehden) 22. Jovelan talop\u00e4iv\u00e4kirja https:\/\/jovelassa.blogspot.com\/2019\/03\/vaaran-vankyran-talon-vaki.html 23. Mrs Sinn https:\/\/mrssinn.blogspot.com\/2019\/03\/arvot-ja-aika-values-and-time.html<\/p>\n","protected":false},"author":1,"featured_media":28,"comment_status":"open","ping_status":"open","sticky":false,"template":"","format":"standard","meta":{"footnotes":""},"categories":[50],"tags":[52,14,61,13],"class_list":["post-1799","post","type-post","status-publish","format-standard","has-post-thumbnail","hentry","category-puutarha","tag-elamaa","tag-kasvimaa","tag-omavaraisuus","tag-puutarha"],"acf":[],"_links":{"self":[{"href":"https:\/\/www.samanotavanalla.fi\/index.php?rest_route=\/wp\/v2\/posts\/1799","targetHints":{"allow":["GET"]}}],"collection":[{"href":"https:\/\/www.samanotavanalla.fi\/index.php?rest_route=\/wp\/v2\/posts"}],"about":[{"href":"https:\/\/www.samanotavanalla.fi\/index.php?rest_route=\/wp\/v2\/types\/post"}],"author":[{"embeddable":true,"href":"https:\/\/www.samanotavanalla.fi\/index.php?rest_route=\/wp\/v2\/users\/1"}],"replies":[{"embeddable":true,"href":"https:\/\/www.samanotavanalla.fi\/index.php?rest_route=%2Fwp%2Fv2%2Fcomments&post=1799"}],"version-history":[{"count":18,"href":"https:\/\/www.samanotavanalla.fi\/index.php?rest_route=\/wp\/v2\/posts\/1799\/revisions"}],"predecessor-version":[{"id":1890,"href":"https:\/\/www.samanotavanalla.fi\/index.php?rest_route=\/wp\/v2\/posts\/1799\/revisions\/1890"}],"wp:featuredmedia":[{"embeddable":true,"href":"https:\/\/www.samanotavanalla.fi\/index.php?rest_route=\/wp\/v2\/media\/28"}],"wp:attachment":[{"href":"https:\/\/www.samanotavanalla.fi\/index.php?rest_route=%2Fwp%2Fv2%2Fmedia&parent=1799"}],"wp:term":[{"taxonomy":"category","embeddable":true,"href":"https:\/\/www.samanotavanalla.fi\/index.php?rest_route=%2Fwp%2Fv2%2Fcategories&post=1799"},{"taxonomy":"post_tag","embeddable":true,"href":"https:\/\/www.samanotavanalla.fi\/index.php?rest_route=%2Fwp%2Fv2%2Ftags&post=1799"}],"curies":[{"name":"wp","href":"https:\/\/api.w.org\/{rel}","templated":true}]}}