{"id":1962,"date":"2019-03-16T13:09:54","date_gmt":"2019-03-16T13:09:54","guid":{"rendered":"https:\/\/www.samanotavanalla.fi\/?p=1962"},"modified":"2019-08-17T10:12:22","modified_gmt":"2019-08-17T10:12:22","slug":"muutama-sana-norjalaisen-lapsityovoiman-kaytosta","status":"publish","type":"post","link":"https:\/\/www.samanotavanalla.fi\/?p=1962","title":{"rendered":"Muutama sana norjalaisen lapsity\u00f6voiman k\u00e4yt\u00f6st\u00e4"},"content":{"rendered":"<p>&#8221;Det ordner seg!&#8221;, sanoo norjalainen. Kyll\u00e4 se j\u00e4rjestyy. Keskivertonorjalaiset ovat suomalaisiin verrattuna jotenkin huomattavasti huolettomampia, ei se ole niin justiinsa. Asiat tehd\u00e4\u00e4n usein v\u00e4h\u00e4n sinne p\u00e4in ja se riitt\u00e4\u00e4.<\/p>\n<p>Kuvittelin ennen olevani aika rento ja suurpiirteinen tyyppi, mutta t\u00e4\u00e4ll\u00e4 olen l\u00f6yt\u00e4nyt itsest\u00e4ni yll\u00e4tt\u00e4en perfektionistin, s\u00e4\u00e4nt\u00f6ihmisen ja niuhottajan.<\/p>\n<p>Jos suomalaiset ovat sisukkaita, niin norjalaiset ovat reippaita. Ihan \u00e4lytt\u00f6m\u00e4n reippaita.<\/p>\n<p>Miell\u00e4n suomalaisen sisukkuuden sellaiseksi v\u00e4h\u00e4n veren maku suussa ja usein yksin \u00e4helt\u00e4miseksi. Suo kuokka ja Jussi, tied\u00e4tteh\u00e4n. Apua ei ihan helpolla pyydet\u00e4, ja itsellenikin se on usein vaikeaa.<\/p>\n<p>Norjalainen reippaus on iloista yhdess\u00e4 tekemist\u00e4 ja muiden tsemppaamista. Norjalainen kuitenkin kiipe\u00e4\u00e4 pikkulasten kanssa sellaisille vuorille, mihin suomalaista ei ihan v\u00e4h\u00e4ll\u00e4 saisi. Lasten kanssa saatetaan my\u00f6s y\u00f6py\u00e4 mets\u00e4ss\u00e4 tammikuussa. Ilman telttaa tietenkin.<\/p>\n<p>Paikallinen p\u00e4iv\u00e4koti tekee ensimm\u00e4isen y\u00f6retkens\u00e4 laavulle t\u00e4ss\u00e4 joskus maaliskuussa, ja koulujen opetussuunnitelmaan kuuluu lumiluolan rakentaminen ja siell\u00e4 y\u00f6pyminen. Mutta mit\u00e4\u00e4n ei tehd\u00e4 hampaat irvess\u00e4.<\/p>\n<p><a href=\"https:\/\/www.samanotavanalla.fi\/wp-content\/uploads\/2019\/03\/WP_20190316_11_40_02_Pro.jpg\"><img fetchpriority=\"high\" decoding=\"async\" class=\"alignnone size-full wp-image-1966\" src=\"https:\/\/www.samanotavanalla.fi\/wp-content\/uploads\/2019\/03\/WP_20190316_11_40_02_Pro.jpg\" alt=\"\" width=\"5344\" height=\"3008\" srcset=\"https:\/\/www.samanotavanalla.fi\/wp-content\/uploads\/2019\/03\/WP_20190316_11_40_02_Pro.jpg 5344w, https:\/\/www.samanotavanalla.fi\/wp-content\/uploads\/2019\/03\/WP_20190316_11_40_02_Pro-300x169.jpg 300w, https:\/\/www.samanotavanalla.fi\/wp-content\/uploads\/2019\/03\/WP_20190316_11_40_02_Pro-768x432.jpg 768w, https:\/\/www.samanotavanalla.fi\/wp-content\/uploads\/2019\/03\/WP_20190316_11_40_02_Pro-1024x576.jpg 1024w, https:\/\/www.samanotavanalla.fi\/wp-content\/uploads\/2019\/03\/WP_20190316_11_40_02_Pro-533x300.jpg 533w\" sizes=\"(max-width: 5344px) 100vw, 5344px\" \/><\/a><\/p>\n<p>N\u00e4m\u00e4 ovat toki v\u00e4h\u00e4n stereotypioita, mutta t\u00e4n\u00e4\u00e4n sain taas vahvistusta omille k\u00e4sityksilleni norjalaisuudesta.<\/p>\n<p>Oveen koputettiin aamulla. Siell\u00e4 oli vuokrais\u00e4nt\u00e4ni lapsineen tikapuut kainalossa. P\u00e4\u00e4ttiv\u00e4t pudottaa v\u00e4h\u00e4n lumia katolta (eritt\u00e4in aiheellista). Siihen vaan tikapuut nojalle kattoa vasten ja lapset\u00a0 (!) katolle.<\/p>\n<p>Lapset ovat tosin jo teini-ik\u00e4isi\u00e4 (toinen v\u00e4h\u00e4n alle), mutta kuitenkin. Oliko turvavaljaita? No ei tietenk\u00e4\u00e4n. Ei sielt\u00e4 ole tarkoitus pudota. Talo on kuitenkin aika korkea, katto jyrkk\u00e4 ja liukas.<\/p>\n<p>Kysyin vuokrais\u00e4nn\u00e4lt\u00e4ni, ett\u00e4 eik\u00f6 sua pelota, ett\u00e4 lapsesi putoaa katolta. Miksi muka? Ja siin\u00e4h\u00e4n on lunta alla. hmmm.<\/p>\n<p>Seisoin alhaalla seuraten kauhuissani nuorison touhuja rystysi\u00e4ni purren ja katastrofia odottaen, mutta norjalaisia vaan nauratti.<\/p>\n<p>Kaikki meni onneksi hyvin. Edelleen olen tosin sit\u00e4 mielt\u00e4, ett\u00e4 \u00e4kki\u00e4 sin\u00e4 olisi voinut muutama raaja katketa, jos lumet olisivat p\u00e4\u00e4tt\u00e4neet l\u00e4hte\u00e4 valumaan katolta alas. Siin\u00e4 olisi tullut lapsi lumen mukana.<\/p>\n<p><a href=\"https:\/\/www.samanotavanalla.fi\/wp-content\/uploads\/2019\/03\/WP_20190316_11_39_45_Pro.jpg\"><img decoding=\"async\" class=\"alignnone size-full wp-image-1967\" src=\"https:\/\/www.samanotavanalla.fi\/wp-content\/uploads\/2019\/03\/WP_20190316_11_39_45_Pro.jpg\" alt=\"\" width=\"5344\" height=\"3008\" srcset=\"https:\/\/www.samanotavanalla.fi\/wp-content\/uploads\/2019\/03\/WP_20190316_11_39_45_Pro.jpg 5344w, https:\/\/www.samanotavanalla.fi\/wp-content\/uploads\/2019\/03\/WP_20190316_11_39_45_Pro-300x169.jpg 300w, https:\/\/www.samanotavanalla.fi\/wp-content\/uploads\/2019\/03\/WP_20190316_11_39_45_Pro-768x432.jpg 768w, https:\/\/www.samanotavanalla.fi\/wp-content\/uploads\/2019\/03\/WP_20190316_11_39_45_Pro-1024x576.jpg 1024w, https:\/\/www.samanotavanalla.fi\/wp-content\/uploads\/2019\/03\/WP_20190316_11_39_45_Pro-533x300.jpg 533w\" sizes=\"(max-width: 5344px) 100vw, 5344px\" \/><\/a><\/p>\n<p>No, siin\u00e4 samalla sovittiin my\u00f6s v\u00e4h\u00e4n ensi kes\u00e4n urakoista. Saan t\u00e4nne kaivinkoneen avuksi muuttamaan pajukkoa kasvimaaksi. Samoin moottorisahamiehen raivaamaan puron rantaa. Suunnitelmat liikahtivat taas v\u00e4h\u00e4n eteenp\u00e4in &#8211; ainakin mieless\u00e4.<\/p>\n<p>Sit\u00e4 ennen t\u00e4nne on kuitenkin luvattu huomiseksi uudet 30 sentti\u00e4 lunta.<\/p>\n","protected":false},"excerpt":{"rendered":"<p>&#8221;Det ordner seg!&#8221;, sanoo norjalainen. Kyll\u00e4 se j\u00e4rjestyy. Keskivertonorjalaiset ovat suomalaisiin verrattuna jotenkin huomattavasti huolettomampia, ei se ole niin justiinsa. Asiat tehd\u00e4\u00e4n usein v\u00e4h\u00e4n sinne p\u00e4in ja se riitt\u00e4\u00e4. Kuvittelin ennen olevani aika rento ja suurpiirteinen tyyppi, mutta t\u00e4\u00e4ll\u00e4 olen l\u00f6yt\u00e4nyt itsest\u00e4ni yll\u00e4tt\u00e4en perfektionistin, s\u00e4\u00e4nt\u00f6ihmisen ja niuhottajan. Jos suomalaiset ovat sisukkaita, niin norjalaiset ovat reippaita. Ihan \u00e4lytt\u00f6m\u00e4n reippaita. Miell\u00e4n suomalaisen sisukkuuden sellaiseksi v\u00e4h\u00e4n veren maku suussa ja usein yksin \u00e4helt\u00e4miseksi. Suo kuokka ja Jussi, tied\u00e4tteh\u00e4n. Apua ei ihan helpolla pyydet\u00e4, ja itsellenikin se on usein vaikeaa. Norjalainen reippaus on iloista yhdess\u00e4 tekemist\u00e4 ja muiden tsemppaamista. Norjalainen kuitenkin kiipe\u00e4\u00e4 pikkulasten kanssa sellaisille vuorille, mihin suomalaista ei ihan v\u00e4h\u00e4ll\u00e4 saisi. Lasten kanssa saatetaan my\u00f6s y\u00f6py\u00e4 mets\u00e4ss\u00e4 tammikuussa. Ilman telttaa tietenkin. Paikallinen p\u00e4iv\u00e4koti tekee ensimm\u00e4isen y\u00f6retkens\u00e4 laavulle t\u00e4ss\u00e4 joskus maaliskuussa, ja koulujen opetussuunnitelmaan kuuluu lumiluolan rakentaminen ja siell\u00e4 y\u00f6pyminen. Mutta mit\u00e4\u00e4n ei tehd\u00e4 hampaat irvess\u00e4. N\u00e4m\u00e4 ovat toki v\u00e4h\u00e4n stereotypioita, mutta t\u00e4n\u00e4\u00e4n sain taas vahvistusta omille k\u00e4sityksilleni norjalaisuudesta. Oveen koputettiin aamulla. Siell\u00e4 oli vuokrais\u00e4nt\u00e4ni lapsineen tikapuut kainalossa. P\u00e4\u00e4ttiv\u00e4t pudottaa v\u00e4h\u00e4n lumia katolta (eritt\u00e4in aiheellista). Siihen vaan tikapuut nojalle kattoa vasten ja lapset\u00a0 (!) katolle. Lapset ovat tosin jo teini-ik\u00e4isi\u00e4 (toinen v\u00e4h\u00e4n alle), mutta kuitenkin. Oliko turvavaljaita? No ei tietenk\u00e4\u00e4n. Ei sielt\u00e4 ole tarkoitus pudota. Talo on kuitenkin aika korkea, katto jyrkk\u00e4 ja liukas. Kysyin vuokrais\u00e4nn\u00e4lt\u00e4ni, ett\u00e4 eik\u00f6 sua pelota, ett\u00e4 lapsesi putoaa katolta. Miksi muka? Ja siin\u00e4h\u00e4n on lunta alla. hmmm. Seisoin alhaalla seuraten kauhuissani nuorison touhuja rystysi\u00e4ni purren ja katastrofia odottaen, mutta norjalaisia vaan nauratti. Kaikki meni onneksi hyvin. Edelleen olen tosin sit\u00e4 mielt\u00e4, ett\u00e4 \u00e4kki\u00e4 sin\u00e4 olisi voinut muutama raaja katketa, jos lumet olisivat p\u00e4\u00e4tt\u00e4neet l\u00e4hte\u00e4 valumaan katolta alas. Siin\u00e4 olisi tullut lapsi lumen mukana. No, siin\u00e4 samalla sovittiin my\u00f6s v\u00e4h\u00e4n ensi kes\u00e4n urakoista. Saan t\u00e4nne kaivinkoneen avuksi muuttamaan pajukkoa kasvimaaksi. Samoin moottorisahamiehen raivaamaan puron rantaa. Suunnitelmat liikahtivat taas v\u00e4h\u00e4n eteenp\u00e4in &#8211; ainakin mieless\u00e4. Sit\u00e4 ennen t\u00e4nne on kuitenkin luvattu huomiseksi uudet 30 sentti\u00e4 lunta.<\/p>\n","protected":false},"author":1,"featured_media":1906,"comment_status":"open","ping_status":"open","sticky":false,"template":"","format":"standard","meta":{"footnotes":""},"categories":[47],"tags":[32,25,41],"class_list":["post-1962","post","type-post","status-publish","format-standard","has-post-thumbnail","hentry","category-elamaa","tag-kulttuurierot","tag-norja","tag-talvi"],"acf":[],"_links":{"self":[{"href":"https:\/\/www.samanotavanalla.fi\/index.php?rest_route=\/wp\/v2\/posts\/1962","targetHints":{"allow":["GET"]}}],"collection":[{"href":"https:\/\/www.samanotavanalla.fi\/index.php?rest_route=\/wp\/v2\/posts"}],"about":[{"href":"https:\/\/www.samanotavanalla.fi\/index.php?rest_route=\/wp\/v2\/types\/post"}],"author":[{"embeddable":true,"href":"https:\/\/www.samanotavanalla.fi\/index.php?rest_route=\/wp\/v2\/users\/1"}],"replies":[{"embeddable":true,"href":"https:\/\/www.samanotavanalla.fi\/index.php?rest_route=%2Fwp%2Fv2%2Fcomments&post=1962"}],"version-history":[{"count":7,"href":"https:\/\/www.samanotavanalla.fi\/index.php?rest_route=\/wp\/v2\/posts\/1962\/revisions"}],"predecessor-version":[{"id":1972,"href":"https:\/\/www.samanotavanalla.fi\/index.php?rest_route=\/wp\/v2\/posts\/1962\/revisions\/1972"}],"wp:featuredmedia":[{"embeddable":true,"href":"https:\/\/www.samanotavanalla.fi\/index.php?rest_route=\/wp\/v2\/media\/1906"}],"wp:attachment":[{"href":"https:\/\/www.samanotavanalla.fi\/index.php?rest_route=%2Fwp%2Fv2%2Fmedia&parent=1962"}],"wp:term":[{"taxonomy":"category","embeddable":true,"href":"https:\/\/www.samanotavanalla.fi\/index.php?rest_route=%2Fwp%2Fv2%2Fcategories&post=1962"},{"taxonomy":"post_tag","embeddable":true,"href":"https:\/\/www.samanotavanalla.fi\/index.php?rest_route=%2Fwp%2Fv2%2Ftags&post=1962"}],"curies":[{"name":"wp","href":"https:\/\/api.w.org\/{rel}","templated":true}]}}