{"id":1975,"date":"2019-03-31T08:32:47","date_gmt":"2019-03-31T08:32:47","guid":{"rendered":"https:\/\/www.samanotavanalla.fi\/?p=1975"},"modified":"2020-02-23T11:33:57","modified_gmt":"2020-02-23T11:33:57","slug":"suuntana-omavaraisuus-huhtikuu-suunnitelmia-ja-vinkkeja","status":"publish","type":"post","link":"https:\/\/www.samanotavanalla.fi\/?p=1975","title":{"rendered":"Suuntana omavaraisuus, huhtikuu &#8211; suunnitelmia ja vinkkej\u00e4"},"content":{"rendered":"<p>On taas kerran kuukaudessa ilmestyv\u00e4n Suuntana omavaraisuus- yhteispostauksen aika.<\/p>\n<p>Aiheena omavaraisuus on ilmeisesti mieless\u00e4ni, koska viime y\u00f6n\u00e4 keittelin unessani fetaa vuohenmaidosta (oikeassa el\u00e4m\u00e4ss\u00e4 en ole koskaan keitt\u00e4nyt mink\u00e4\u00e4nlaista juustoa&#8230;).K\u00e4yt\u00e4nn\u00f6ss\u00e4 olen ensi kes\u00e4n suhteen edelleen suunnittelun asteella. Vai ehk\u00e4 haaveilun? Saa n\u00e4hd\u00e4.<\/p>\n<p>&nbsp;<\/p>\n<p>Lunta on ollut t\u00e4n\u00e4 talvena niin paljon, ett\u00e4 menneen viikon l\u00e4mp\u00f6jakso ei niit\u00e4 merkitt\u00e4v\u00e4sti sulattanut, ja sit\u00e4 on edelleen t\u00e4t\u00e4 aurattua pihaa lukuunottamatta polveen saakka. Tuonne tulevaan puutarhaan ja kasvimaalle ei p\u00e4\u00e4se viel\u00e4 edes mittailemaan, saati ett\u00e4 siell\u00e4 voisi jotain tehd\u00e4. Niinp\u00e4 suunnitelmat etenee l\u00e4hinn\u00e4 omassa p\u00e4\u00e4ss\u00e4ni. Olen tilannut siemeni\u00e4, mutta mit\u00e4\u00e4n en ole viel\u00e4 kylv\u00e4nyt.<\/p>\n<p>&nbsp;<\/p>\n<p><a href=\"https:\/\/www.samanotavanalla.fi\/wp-content\/uploads\/2019\/03\/WP_20190330_15_39_29_Pro.jpg\"><img fetchpriority=\"high\" decoding=\"async\" class=\"alignnone size-full wp-image-2016\" src=\"https:\/\/www.samanotavanalla.fi\/wp-content\/uploads\/2019\/03\/WP_20190330_15_39_29_Pro.jpg\" alt=\"\" width=\"5344\" height=\"3008\" srcset=\"https:\/\/www.samanotavanalla.fi\/wp-content\/uploads\/2019\/03\/WP_20190330_15_39_29_Pro.jpg 5344w, https:\/\/www.samanotavanalla.fi\/wp-content\/uploads\/2019\/03\/WP_20190330_15_39_29_Pro-300x169.jpg 300w, https:\/\/www.samanotavanalla.fi\/wp-content\/uploads\/2019\/03\/WP_20190330_15_39_29_Pro-768x432.jpg 768w, https:\/\/www.samanotavanalla.fi\/wp-content\/uploads\/2019\/03\/WP_20190330_15_39_29_Pro-1024x576.jpg 1024w, https:\/\/www.samanotavanalla.fi\/wp-content\/uploads\/2019\/03\/WP_20190330_15_39_29_Pro-533x300.jpg 533w\" sizes=\"(max-width: 5344px) 100vw, 5344px\" \/><\/a><\/p>\n<p>&nbsp;<\/p>\n<p>Minulle ja monelle muullekin kasvimaata tai puutarhaa perustavalle on varmaan aika tyypillist\u00e4 se, ett\u00e4 siihen k\u00e4ytet\u00e4\u00e4n rahaa. Ostetaan multaa, ostetaan siemeni\u00e4, ostetaan taimia ja kaikkea muuta mit\u00e4 alussa tarvitsee. Olen nyt miettinyt, miten asia olisi mahdollista hoitaa mahdollisimman halvalla, etenkin kun asun t\u00e4ss\u00e4 vuokralla. Voisiko jo pihaa ja puutarhaa perustaessa olla omavarainen?<\/p>\n<p>&nbsp;<\/p>\n<p>Tietenkin voi, ja moni varmaan onkin. Omalla kohdalla se kuitenkin tarkoittaa asioiden miettimist\u00e4 uudella tavalla. Ettei vaan hurauta autolla l\u00e4himp\u00e4\u00e4n puutarhamyym\u00e4l\u00e4\u00e4n ja osta autoa t\u00e4yteen multas\u00e4kkej\u00e4 ja taimia. Niin olen aikaisemmin tehnyt.<\/p>\n<p>&nbsp;<\/p>\n<p>Fakta on tietenkin my\u00f6s se, ett\u00e4 rahan avulla prosessi nopeutuu aika tavalla. Itse olen niin malttamaton, ett\u00e4 on suuri houkutus ajaa sinne puutarhamyym\u00e4l\u00e4\u00e4n. Ehk\u00e4 joudun senkin viel\u00e4 tekem\u00e4\u00e4n, mutta ainakin yrit\u00e4n mietti\u00e4 my\u00f6s muita vaihtoehtoja. Tied\u00e4n, ett\u00e4 esim. permakulttuurissa on t\u00e4h\u00e4n hyvi\u00e4 ratkaisuja, mutta en tied\u00e4 asiasta tarpeeksi. T\u00e4m\u00e4 onkin asia, mik\u00e4 vaatii opiskelua.<\/p>\n<p>&nbsp;<\/p>\n<p>Mutta kunhan hanget sulavat, saan t\u00e4nne toivottavasti sen kaivinkoneen avuksi. Onneksi vuokrais\u00e4nnill\u00e4 on kaivinkone ja muitakin kaivuuhommia t\u00e4ss\u00e4 ihan l\u00e4hell\u00e4, joten se tulee t\u00e4nne talon puolesta. N\u00e4ht\u00e4v\u00e4ksi j\u00e4\u00e4, mink\u00e4lainen maa-aines tuolla pajukon alla odottaa. Siell\u00e4 pit\u00e4isi olla vanha perunapelto. Luomulaatuista hevosen lantaa mulla on aika rajattomasti, kun vaan jaksaa lapioida.<\/p>\n<p>&nbsp;<\/p>\n<p>Muutama kasvulaatikko on valmiina jo aikaisemmilta vuosilta. Aika edullisesta hinnastaan huolimatta valmiit kasvulaatikot tulevat kalliiksi, jos ja kun niit\u00e4 niit\u00e4 joutuu hankkimaan monta. Mulla my\u00f6s on mahdollisuus saada puutavaraa ilmaiseksi, joten kasvulaatikot voisi tietenkin v\u00e4s\u00e4t\u00e4 itse. Siin\u00e4 tulee esteeksi ainoastaan oma jaksaminen ja rajalliset resurssit, mutta saa n\u00e4hd\u00e4.<\/p>\n<p>&nbsp;<\/p>\n<p>Olen viljellyt aikaisemmin usein juuri kasvulaatikoissa tai ihan avomaalla, mutta muitakin vaihtoehtoja tietenkin on. T\u00e4m\u00e4 vaatii kuitenkin edelleen perehtymist\u00e4 ja opiskelua.<\/p>\n<p>&nbsp;<\/p>\n<p>T\u00e4ss\u00e4 pit\u00e4isi nyt malttaa mielens\u00e4 ja muistaa, ett\u00e4 ei t\u00e4t\u00e4 yhdess\u00e4 kes\u00e4ss\u00e4 rakenneta. Aina on varaa my\u00f6s ep\u00e4onnistua, oppia ja tehd\u00e4 seuraavana vuonna ehk\u00e4 toisella tavalla. Pit\u00e4isi muistaa nauttia matkasta.<\/p>\n<p>&nbsp;<\/p>\n<p><a href=\"https:\/\/www.samanotavanalla.fi\/wp-content\/uploads\/2019\/03\/WP_20190330_15_39_32_Pro.jpg\"><img decoding=\"async\" class=\"alignnone size-full wp-image-2015\" src=\"https:\/\/www.samanotavanalla.fi\/wp-content\/uploads\/2019\/03\/WP_20190330_15_39_32_Pro.jpg\" alt=\"\" width=\"5344\" height=\"3008\" srcset=\"https:\/\/www.samanotavanalla.fi\/wp-content\/uploads\/2019\/03\/WP_20190330_15_39_32_Pro.jpg 5344w, https:\/\/www.samanotavanalla.fi\/wp-content\/uploads\/2019\/03\/WP_20190330_15_39_32_Pro-300x169.jpg 300w, https:\/\/www.samanotavanalla.fi\/wp-content\/uploads\/2019\/03\/WP_20190330_15_39_32_Pro-768x432.jpg 768w, https:\/\/www.samanotavanalla.fi\/wp-content\/uploads\/2019\/03\/WP_20190330_15_39_32_Pro-1024x576.jpg 1024w, https:\/\/www.samanotavanalla.fi\/wp-content\/uploads\/2019\/03\/WP_20190330_15_39_32_Pro-533x300.jpg 533w\" sizes=\"(max-width: 5344px) 100vw, 5344px\" \/><\/a><\/p>\n<p>&nbsp;<\/p>\n<p>Tilasin t\u00e4n\u00e4\u00e4n siemeni\u00e4 ruotsalaiselta <span style=\"color: #993300;\"><a style=\"color: #993300;\" href=\"https:\/\/www.impecta.se\/cgi-bin\/ibutik\/AIR_ibutik.fcgi\">Impectalta<\/a><\/span>. Siell\u00e4 on myynniss\u00e4 paljon erilaisia kulttuuriperint\u00f6kasveja, ja niihin painotin omatkin hankintani. T\u00e4ss\u00e4 kohtaa tein ihan tietoisen valinnan ostaa siemenet kaupasta, koska aika on jo v\u00e4h\u00e4n tiukilla. Vanhat perinteiset lajikkeet ovat yleens\u00e4 hyvi\u00e4 ja kest\u00e4vi\u00e4, ja ensi kes\u00e4n\u00e4 mulla on sitten toivottavasti jo omiakin siemeni\u00e4. Suomessahan siemenet kannattaa ensisijaisesti varmaan ostaa vaikkapa <span style=\"color: #993300;\"><a style=\"color: #993300;\" href=\"https:\/\/hyotykasviyhdistys.fi\/alku-ja-juuri\/\">Hy\u00f6tykasviyhdistykselt\u00e4 \u00a0 \u00a0 <\/a><\/span>(N\u00e4m\u00e4kin linkit ovat taas vain vinkiksi, ei maksettuja mainoksia).<\/p>\n<p>&nbsp;<\/p>\n<p>Koska tiesin, ett\u00e4 pakolliset Suomen reissut tulevat p\u00e4tkim\u00e4\u00e4n t\u00e4t\u00e4 kev\u00e4tt\u00e4, en edes yritt\u00e4nyt kasvattaa tomaatin taimia itse, vaan ostan ne suosiolla valmiina. Niit\u00e4kin saattaa saada aika edullisesti, kun ajoittaa ostosreissunsa oikein. Jotain muutakin saattaa tulla ostettua valmiina taimina, mutta saa n\u00e4hd\u00e4.<\/p>\n<p>&nbsp;<\/p>\n<p>Perennapenkkien perustaminen on sitten pidempiaikainen projekti ja t\u00e4n\u00e4 kes\u00e4n\u00e4 menn\u00e4\u00e4n viel\u00e4 kes\u00e4kukilla. Jatkossa yrit\u00e4n saada taimia kasaan yst\u00e4vilt\u00e4 ja tutuilta. Olen raivannut tuota puron rantaa, ja lepikon alta paljastui lehtomainen mets\u00e4. Toiveena olisi saada sinne kasvamaan ainakin karhunlaukkaa, mutta j\u00e4\u00e4 n\u00e4ht\u00e4v\u00e4ksi onnistunko. Ehk\u00e4 vuohenputkeakin johonkin. Olisi villivihanneksia omasta takaa.<\/p>\n<p>&nbsp;<\/p>\n<p>Toivottavasti toukokuun postauksessa on sitten jo jotain konkreettista etenemist\u00e4 esitelt\u00e4v\u00e4n\u00e4. Jos vanhat merkit pit\u00e4v\u00e4t paikkaansa, maa on sula. Pikkutaimet kasvavat toivottavasti kovaa vauhtia.<\/p>\n<p>&nbsp;<\/p>\n<p><a href=\"https:\/\/www.samanotavanalla.fi\/wp-content\/uploads\/2019\/03\/WP_20190331_10_19_39_Pro.jpg\"><img decoding=\"async\" class=\"alignnone size-full wp-image-2021\" src=\"https:\/\/www.samanotavanalla.fi\/wp-content\/uploads\/2019\/03\/WP_20190331_10_19_39_Pro.jpg\" alt=\"\" width=\"5344\" height=\"3008\" srcset=\"https:\/\/www.samanotavanalla.fi\/wp-content\/uploads\/2019\/03\/WP_20190331_10_19_39_Pro.jpg 5344w, https:\/\/www.samanotavanalla.fi\/wp-content\/uploads\/2019\/03\/WP_20190331_10_19_39_Pro-300x169.jpg 300w, https:\/\/www.samanotavanalla.fi\/wp-content\/uploads\/2019\/03\/WP_20190331_10_19_39_Pro-768x432.jpg 768w, https:\/\/www.samanotavanalla.fi\/wp-content\/uploads\/2019\/03\/WP_20190331_10_19_39_Pro-1024x576.jpg 1024w, https:\/\/www.samanotavanalla.fi\/wp-content\/uploads\/2019\/03\/WP_20190331_10_19_39_Pro-533x300.jpg 533w\" sizes=\"(max-width: 5344px) 100vw, 5344px\" \/><\/a><\/p>\n<p>&nbsp;<\/p>\n<p>Ja sitten se vinkki:<\/p>\n<p>&nbsp;<\/p>\n<p>Marie &amp; Gustav Mandelmann on ruotsalainen pariskunta, jolle parvekeviljely Tukoholmassa ei riitt\u00e4nyt, ja he ostivat 60 hehtaarin r\u00e4nsistyneen tilan Djupadalin Sk\u00e5nesta. Siit\u00e4 on nyt reilu 20 vuotta. T\u00e4n\u00e4 aikana he ovat kovalla ty\u00f6ll\u00e4 rakentaneet maanp\u00e4\u00e4llisen paratiisiin el\u00e4imineen, puutarhoineen ja peltoineen. He ovat ruuan suhteen l\u00e4hes omavaraisia, ja vuodesta 2015 he ovat py\u00f6ritt\u00e4neet tilaa my\u00f6s omalla tuuli- ja aurinkoenergialla.<\/p>\n<p>Sittemmin he ovat kirjoittaneet my\u00f6s useita kirjoja, kuvanneet tilan el\u00e4m\u00e4st\u00e4 kertovaa tv-sarjaa, ja tilasta on tullut matkailukohde melkein ongelmaksi saakka.<\/p>\n<p>&nbsp;<\/p>\n<p><a href=\"https:\/\/www.samanotavanalla.fi\/wp-content\/uploads\/2019\/03\/WP_20190330_17_53_43_Pro-e1554022257494.jpg\"><img loading=\"lazy\" decoding=\"async\" class=\"alignnone size-full wp-image-2012\" src=\"https:\/\/www.samanotavanalla.fi\/wp-content\/uploads\/2019\/03\/WP_20190330_17_53_43_Pro-e1554022257494.jpg\" alt=\"\" width=\"3008\" height=\"5344\" srcset=\"https:\/\/www.samanotavanalla.fi\/wp-content\/uploads\/2019\/03\/WP_20190330_17_53_43_Pro-e1554022257494.jpg 3008w, https:\/\/www.samanotavanalla.fi\/wp-content\/uploads\/2019\/03\/WP_20190330_17_53_43_Pro-e1554022257494-169x300.jpg 169w, https:\/\/www.samanotavanalla.fi\/wp-content\/uploads\/2019\/03\/WP_20190330_17_53_43_Pro-e1554022257494-768x1364.jpg 768w, https:\/\/www.samanotavanalla.fi\/wp-content\/uploads\/2019\/03\/WP_20190330_17_53_43_Pro-e1554022257494-576x1024.jpg 576w\" sizes=\"(max-width: 3008px) 100vw, 3008px\" \/><\/a><\/p>\n<p>&nbsp;<\/p>\n<p>Kirja&#8221;Sj\u00e4lvhush\u00e5llning p\u00e5 Djupadal&#8221; on varsinainen tietopaketti ja kattava opas omavaraisen el\u00e4m\u00e4n saloihin. Siit\u00e4 l\u00f6ytyy ohjeet niin el\u00e4inten pitoon kuin puutarhanhoitoon. Kirjassa on paljon my\u00f6s reseptej\u00e4. Sit\u00e4 paitsi se on kaunis kirja ihan vain selailtavaksi. Suosittelen l\u00e4mpim\u00e4sti. Kirjaa voit tilata ainakin <span style=\"color: #993300;\"><a style=\"color: #993300;\" href=\"https:\/\/www.adlibris.com\/fi\/haku?filter=author%3AGustav%20Mandelmann\">Adlibriksesta<\/a><\/span>.\u00a0 (t\u00e4m\u00e4kin vain vinkiksi).<\/p>\n<p>&nbsp;<\/p>\n<p>En ymm\u00e4rr\u00e4, miksi Ruotsissa supersuosion saavuttanutta Mandelmanns -sarjaa ei ole n\u00e4ytetty Suomen televisiossa (eik\u00e4 t\u00e4\u00e4ll\u00e4 Norjassa). Tai miksi heid\u00e4n kirjojaan ei ole k\u00e4\u00e4nnetty suomeksi. Olen nimitt\u00e4in t\u00e4ysin vakuuttunut, ett\u00e4 sarjalle riitt\u00e4isi katsojia my\u00f6s Suomessa. Jos joku siell\u00e4 toisella puolella sattuu tuntemaan jonkun, joka t\u00e4llaisista asioista vastaa, niin vinkatkaa ihmeess\u00e4. Mandelmannit my\u00f6s Suomen televisioon!<\/p>\n<p>Djupadalin nettisivut l\u00f6yd\u00e4t <span style=\"color: #993300;\"><a style=\"color: #993300;\" href=\"https:\/\/mandelmann.se\/\">t\u00e4\u00e4lt\u00e4<\/a><\/span><\/p>\n<p>Jos ruotsin kieli sujuu ja sinulla sattuu olemaan internetiss\u00e4 VPN-yhteys, jolla p\u00e4\u00e4see katsomaan muidenkin maiden tv-ohjelmia, niin sarja l\u00f6ytyy <a href=\"https:\/\/www.tv4.se\/mandelmanns-g%C3%A5rd\"><span style=\"color: #993300;\">t\u00e4\u00e4lt\u00e4<\/span><\/a>.<\/p>\n<p>Ja jos ei muuta, niin k\u00e4y edes huokailemassa <span style=\"color: #993300;\"><a style=\"color: #993300;\" href=\"https:\/\/www.google.com\/search?biw=1280&amp;bih=721&amp;tbm=isch&amp;sa=1&amp;ei=AOGgXJ-uF-ylrgT2kKHgBQ&amp;q=mandelmanns+g%C3%A5rd&amp;oq=mandelmann&amp;gs_l=img.1.0.0i19l4j0i30i19l2j0i5i30i19j0i30i19l3.6209.8141..10164...0.0..0.97.245.3......1....1..gws-wiz-img.2qJcFrJYWvk\">google-kuvahaussa<\/a><\/span><\/p>\n<p>&nbsp;<\/p>\n<p>Nyt ei muuta. Aurinko paistaa, tuuli ulvoo nurkissa ja tuossa lintujen ruokintapaikalla tepastelee kymmenitt\u00e4in peipposia ja mustarastaspariskunta. Se taitaa kuulkaa olla kes\u00e4 tulossa!<\/p>\n<p>&nbsp;<\/p>\n<p>Alla linkit muihin yhteispostaukseen osallistuneisiin blogeihin. 26 erilaista tapaa suuntautua yh\u00e4 omavaraisempaan el\u00e4m\u00e4\u00e4n. K\u00e4y ihmeess\u00e4 tutustumassa ja inspiroitumassa!<\/p>\n<ol class=\"_5a_q _509r\" dir=\"ltr\">\n<li class=\"_2cuy _509s _2vxa\"><a href=\"https:\/\/finlandurbanfarming.blogspot.com\/2019\/04\/mita-maa-merkitsee-ruuantuotannolle-ja.html\">Urban Farming<\/a><\/li>\n<li class=\"_2cuy _509s _2vxa\"><a href=\"https:\/\/www.harmaatorppa.fi\/2019\/04\/omavaraisuutta-vuonna-2019-osa-3.html\">Harmaa torppa<\/a><\/li>\n<li class=\"_2cuy _509s _2vxa\"><a href=\"https:\/\/tsajut.fi\/suuntana-omavaraisuus-osa-3\/\">Tsajut\u00a0<\/a><\/li>\n<li class=\"_2cuy _509s _2vxa\"><a href=\"https:\/\/sarinpuutarhat.blogspot.com\/2019\/04\/hyotytarhan-suunnittelu-omavaraisuus.html\u200e\">Sarin puutarhat<\/a><\/li>\n<li class=\"_2cuy _509s _2vxa\"><a href=\"https:\/\/www.korkeala.fi\/?p=1918\">Korkeala<\/a><\/li>\n<li class=\"_2cuy _509s _2vxa\"><a href=\"https:\/\/jovelassa.blogspot.com\/2019\/04\/hektinen-huhtikuu.html\">Jovelan talop\u00e4iv\u00e4kirja<\/a><\/li>\n<li class=\"_2cuy _509s _2vxa\"><a href=\"https:\/\/maalaiskaupunginpiha.blogspot.com\/2019\/04\/suuntana-omavaraisuus-3-osa.html\">Maalaiskaupungin piha\u00a0<\/a><\/li>\n<li class=\"_2cuy _509s _2vxa\"><a href=\"https:\/\/riippumattomammaksi.blogspot.com\/2019\/04\/projekti-omavaraisempi-elama-2019.html\">Riippumattomammaksi\u00a0<\/a><\/li>\n<li class=\"_2cuy _509s _2vxa\"><a href=\"https:\/\/varmuusvara.blogspot.com\/2019\/04\/2019-suunnitelmien-eteneminen-14.html\">Kohti laadukkaampaa el\u00e4m\u00e4\u00e4\u00a0<\/a><\/li>\n<li class=\"_2cuy _509s _2vxa\"><a href=\"https:\/\/metsalaistenelamaa.blogspot.com\/2019\/04\/omavaraisempaa-elamaa-2019-osa-3.html\">Mets\u00e4l\u00e4isten el\u00e4m\u00e4\u00e4\u00a0<\/a><\/li>\n<li class=\"_2cuy _509s _2vxa\"><a href=\"https:\/\/sorakukka.com\/?p=159\">Sorakukka\u00a0<\/a><\/li>\n<li class=\"_2cuy _509s _2vxa\"><a href=\"https:\/\/lauraelijavis.wordpress.com\/2019\/04\/01\/askeleitani-kohti-omavaraisuutta-osa-3-esikasvatus\">Laura eli Javis<\/a><\/li>\n<li class=\"_2cuy _509s _2vxa\"><a href=\"https:\/\/maatiaiskananen.blogspot.com\/2019\/04\/varikasta-omavaraistelua.html\">Maatiaiskanasen El\u00e4m\u00e4\u00e4\u00a0<\/a><\/li>\n<li class=\"_2cuy _509s _2vxa\"><a href=\"https:\/\/rakkauttajamaanantimia.blogspot.com\/2019\/04\/omavaraistelevaa-elamaa-2019-osa-3.html\">Rakkautta ja maanantimia\u00a0<\/a><\/li>\n<li class=\"_2cuy _509s _2vxa\"><a href=\"https:\/\/palokankaanpientila.blogspot.com\/2019\/04\/yhteispostaussarja-suunnitelmien.html?\">Palokankaan pientila\u00a0<\/a><\/li>\n<li class=\"_2cuy _509s _2vxa\"><a href=\"https:\/\/vehkosuo.blogspot.com\/2019\/04\/saajarki-ja-jaa-sarki.html\">Alussa oli Vehkosuo<\/a><\/li>\n<li class=\"_2cuy _509s _2vxa\"><a href=\"https:\/\/puutarhahetki.blogspot.com\/2019\/04\/unelmana-omavaraisempi-elama.html\">Puutarhahetki &#8211; Suurien unelmien puutarhablogi\u00a0<\/a><\/li>\n<li class=\"_2cuy _509s _2vxa\"><a href=\"https:\/\/pienenpienifarmi.com\/?p=508\">Pienenpieni farmi<\/a><\/li>\n<li class=\"_2cuy _509s _2vxa\"><a href=\"https:\/\/iso-orvokkiniitty.fi\/?p=1948\">Iso-Orvokkiniitty<\/a><\/li>\n<li class=\"_2cuy _509s _2vxa\"><a href=\"https:\/\/kah-villakoira.blogspot.com\/2019\/03\/kevat-keikkuen-tulevi-ja-pari-muutakin.html\">Villa Koira<\/a><\/li>\n<li class=\"_2cuy _509s _2vxa\"><a href=\"https:\/\/mrssinn.blogspot.com\/2019\/03\/pienin-askelin-with-small-steps.html\">Mrs Sinn\u00a0<\/a><\/li>\n<li class=\"_2cuy _509s _2vxa\"><a href=\"http:\/\/torpantytto.com\/2019\/03\/31\/huhtikuu-kevatta-kohti\">Torpan Tytt\u00f6<\/a><\/li>\n<li class=\"_2cuy _509s _2vxa\"><a href=\"http:\/\/www.kuitetekee.com\/2019\/04\/01\/omavaraisuuteen-liittyva-kirjallisuus\/\">Ku ite tekee<\/a><\/li>\n<li class=\"_2cuy _509s _2vxa\"><a href=\"https:\/\/luomulaakso.fi\/polyttajapenkkisuunnitelma-etenee-lumesta-huolimatta\/\">Luomulaakso\u00a0<\/a><\/li>\n<li class=\"_2cuy _509s _2vxa\"><a href=\"https:\/\/caramellia.fi\/huhtikuun-kirjavinkit\/\">Caramellia<\/a><\/li>\n<li class=\"_2cuy _509s _2vxa\"><a href=\"https:\/\/airotulapalla.blogspot.com\/2019\/03\/kohti-omavaraisempaa-elamaa-osa-3.html\">Airot ulapalla<\/a><\/li>\n<\/ol>\n","protected":false},"excerpt":{"rendered":"<p>On taas kerran kuukaudessa ilmestyv\u00e4n Suuntana omavaraisuus- yhteispostauksen aika. Aiheena omavaraisuus on ilmeisesti mieless\u00e4ni, koska viime y\u00f6n\u00e4 keittelin unessani fetaa vuohenmaidosta (oikeassa el\u00e4m\u00e4ss\u00e4 en ole koskaan keitt\u00e4nyt mink\u00e4\u00e4nlaista juustoa&#8230;).K\u00e4yt\u00e4nn\u00f6ss\u00e4 olen ensi kes\u00e4n suhteen edelleen suunnittelun asteella. Vai ehk\u00e4 haaveilun? Saa n\u00e4hd\u00e4. &nbsp; Lunta on ollut t\u00e4n\u00e4 talvena niin paljon, ett\u00e4 menneen viikon l\u00e4mp\u00f6jakso ei niit\u00e4 merkitt\u00e4v\u00e4sti sulattanut, ja sit\u00e4 on edelleen t\u00e4t\u00e4 aurattua pihaa lukuunottamatta polveen saakka. Tuonne tulevaan puutarhaan ja kasvimaalle ei p\u00e4\u00e4se viel\u00e4 edes mittailemaan, saati ett\u00e4 siell\u00e4 voisi jotain tehd\u00e4. Niinp\u00e4 suunnitelmat etenee l\u00e4hinn\u00e4 omassa p\u00e4\u00e4ss\u00e4ni. Olen tilannut siemeni\u00e4, mutta mit\u00e4\u00e4n en ole viel\u00e4 kylv\u00e4nyt. &nbsp; &nbsp; Minulle ja monelle muullekin kasvimaata tai puutarhaa perustavalle on varmaan aika tyypillist\u00e4 se, ett\u00e4 siihen k\u00e4ytet\u00e4\u00e4n rahaa. Ostetaan multaa, ostetaan siemeni\u00e4, ostetaan taimia ja kaikkea muuta mit\u00e4 alussa tarvitsee. Olen nyt miettinyt, miten asia olisi mahdollista hoitaa mahdollisimman halvalla, etenkin kun asun t\u00e4ss\u00e4 vuokralla. Voisiko jo pihaa ja puutarhaa perustaessa olla omavarainen? &nbsp; Tietenkin voi, ja moni varmaan onkin. Omalla kohdalla se kuitenkin tarkoittaa asioiden miettimist\u00e4 uudella tavalla. Ettei vaan hurauta autolla l\u00e4himp\u00e4\u00e4n puutarhamyym\u00e4l\u00e4\u00e4n ja osta autoa t\u00e4yteen multas\u00e4kkej\u00e4 ja taimia. Niin olen aikaisemmin tehnyt. &nbsp; Fakta on tietenkin my\u00f6s se, ett\u00e4 rahan avulla prosessi nopeutuu aika tavalla. Itse olen niin malttamaton, ett\u00e4 on suuri houkutus ajaa sinne puutarhamyym\u00e4l\u00e4\u00e4n. Ehk\u00e4 joudun senkin viel\u00e4 tekem\u00e4\u00e4n, mutta ainakin yrit\u00e4n mietti\u00e4 my\u00f6s muita vaihtoehtoja. Tied\u00e4n, ett\u00e4 esim. permakulttuurissa on t\u00e4h\u00e4n hyvi\u00e4 ratkaisuja, mutta en tied\u00e4 asiasta tarpeeksi. T\u00e4m\u00e4 onkin asia, mik\u00e4 vaatii opiskelua. &nbsp; Mutta kunhan hanget sulavat, saan t\u00e4nne toivottavasti sen kaivinkoneen avuksi. Onneksi vuokrais\u00e4nnill\u00e4 on kaivinkone ja muitakin kaivuuhommia t\u00e4ss\u00e4 ihan l\u00e4hell\u00e4, joten se tulee t\u00e4nne talon puolesta. N\u00e4ht\u00e4v\u00e4ksi j\u00e4\u00e4, mink\u00e4lainen maa-aines tuolla pajukon alla odottaa. Siell\u00e4 pit\u00e4isi olla vanha perunapelto. Luomulaatuista hevosen lantaa mulla on aika rajattomasti, kun vaan jaksaa lapioida. &nbsp; Muutama kasvulaatikko on valmiina jo aikaisemmilta vuosilta. Aika edullisesta hinnastaan huolimatta valmiit kasvulaatikot tulevat kalliiksi, jos ja kun niit\u00e4 niit\u00e4 joutuu hankkimaan monta. Mulla my\u00f6s on mahdollisuus saada puutavaraa ilmaiseksi, joten kasvulaatikot voisi tietenkin v\u00e4s\u00e4t\u00e4 itse. Siin\u00e4 tulee esteeksi ainoastaan oma jaksaminen ja rajalliset resurssit, mutta saa n\u00e4hd\u00e4. &nbsp; Olen viljellyt aikaisemmin usein juuri kasvulaatikoissa tai ihan avomaalla, mutta muitakin vaihtoehtoja tietenkin on. T\u00e4m\u00e4 vaatii kuitenkin edelleen perehtymist\u00e4 ja opiskelua. &nbsp; T\u00e4ss\u00e4 pit\u00e4isi nyt malttaa mielens\u00e4 ja muistaa, ett\u00e4 ei t\u00e4t\u00e4 yhdess\u00e4 kes\u00e4ss\u00e4 rakenneta. Aina on varaa my\u00f6s ep\u00e4onnistua, oppia ja tehd\u00e4 seuraavana vuonna ehk\u00e4 toisella tavalla. Pit\u00e4isi muistaa nauttia matkasta. &nbsp; &nbsp; Tilasin t\u00e4n\u00e4\u00e4n siemeni\u00e4 ruotsalaiselta Impectalta. Siell\u00e4 on myynniss\u00e4 paljon erilaisia kulttuuriperint\u00f6kasveja, ja niihin painotin omatkin hankintani. T\u00e4ss\u00e4 kohtaa tein ihan tietoisen valinnan ostaa siemenet kaupasta, koska aika on jo v\u00e4h\u00e4n tiukilla. Vanhat perinteiset lajikkeet ovat yleens\u00e4 hyvi\u00e4 ja kest\u00e4vi\u00e4, ja ensi kes\u00e4n\u00e4 mulla on sitten toivottavasti jo omiakin siemeni\u00e4. Suomessahan siemenet kannattaa ensisijaisesti varmaan ostaa vaikkapa Hy\u00f6tykasviyhdistykselt\u00e4 \u00a0 \u00a0 (N\u00e4m\u00e4kin linkit ovat taas vain vinkiksi, ei maksettuja mainoksia). &nbsp; Koska tiesin, ett\u00e4 pakolliset Suomen reissut tulevat p\u00e4tkim\u00e4\u00e4n t\u00e4t\u00e4 kev\u00e4tt\u00e4, en edes yritt\u00e4nyt kasvattaa tomaatin taimia itse, vaan ostan ne suosiolla valmiina. Niit\u00e4kin saattaa saada aika edullisesti, kun ajoittaa ostosreissunsa oikein. Jotain muutakin saattaa tulla ostettua valmiina taimina, mutta saa n\u00e4hd\u00e4. &nbsp; Perennapenkkien perustaminen on sitten pidempiaikainen projekti ja t\u00e4n\u00e4 kes\u00e4n\u00e4 menn\u00e4\u00e4n viel\u00e4 kes\u00e4kukilla. Jatkossa yrit\u00e4n saada taimia kasaan yst\u00e4vilt\u00e4 ja tutuilta. Olen raivannut tuota puron rantaa, ja lepikon alta paljastui lehtomainen mets\u00e4. Toiveena olisi saada sinne kasvamaan ainakin karhunlaukkaa, mutta j\u00e4\u00e4 n\u00e4ht\u00e4v\u00e4ksi onnistunko. Ehk\u00e4 vuohenputkeakin johonkin. Olisi villivihanneksia omasta takaa. &nbsp; Toivottavasti toukokuun postauksessa on sitten jo jotain konkreettista etenemist\u00e4 esitelt\u00e4v\u00e4n\u00e4. Jos vanhat merkit pit\u00e4v\u00e4t paikkaansa, maa on sula. Pikkutaimet kasvavat toivottavasti kovaa vauhtia. &nbsp; &nbsp; Ja sitten se vinkki: &nbsp; Marie &amp; Gustav Mandelmann on ruotsalainen pariskunta, jolle parvekeviljely Tukoholmassa ei riitt\u00e4nyt, ja he ostivat 60 hehtaarin r\u00e4nsistyneen tilan Djupadalin Sk\u00e5nesta. Siit\u00e4 on nyt reilu 20 vuotta. T\u00e4n\u00e4 aikana he ovat kovalla ty\u00f6ll\u00e4 rakentaneet maanp\u00e4\u00e4llisen paratiisiin el\u00e4imineen, puutarhoineen ja peltoineen. He ovat ruuan suhteen l\u00e4hes omavaraisia, ja vuodesta 2015 he ovat py\u00f6ritt\u00e4neet tilaa my\u00f6s omalla tuuli- ja aurinkoenergialla. Sittemmin he ovat kirjoittaneet my\u00f6s useita kirjoja, kuvanneet tilan el\u00e4m\u00e4st\u00e4 kertovaa tv-sarjaa, ja tilasta on tullut matkailukohde melkein ongelmaksi saakka. &nbsp; &nbsp; Kirja&#8221;Sj\u00e4lvhush\u00e5llning p\u00e5 Djupadal&#8221; on varsinainen tietopaketti ja kattava opas omavaraisen el\u00e4m\u00e4n saloihin. Siit\u00e4 l\u00f6ytyy ohjeet niin el\u00e4inten pitoon kuin puutarhanhoitoon. Kirjassa on paljon my\u00f6s reseptej\u00e4. Sit\u00e4 paitsi se on kaunis kirja ihan vain selailtavaksi. Suosittelen l\u00e4mpim\u00e4sti. Kirjaa voit tilata ainakin Adlibriksesta.\u00a0 (t\u00e4m\u00e4kin vain vinkiksi). &nbsp; En ymm\u00e4rr\u00e4, miksi Ruotsissa supersuosion saavuttanutta Mandelmanns -sarjaa ei ole n\u00e4ytetty Suomen televisiossa (eik\u00e4 t\u00e4\u00e4ll\u00e4 Norjassa). Tai miksi heid\u00e4n kirjojaan ei ole k\u00e4\u00e4nnetty suomeksi. Olen nimitt\u00e4in t\u00e4ysin vakuuttunut, ett\u00e4 sarjalle riitt\u00e4isi katsojia my\u00f6s Suomessa. Jos joku siell\u00e4 toisella puolella sattuu tuntemaan jonkun, joka t\u00e4llaisista asioista vastaa, niin vinkatkaa ihmeess\u00e4. Mandelmannit my\u00f6s Suomen televisioon! Djupadalin nettisivut l\u00f6yd\u00e4t t\u00e4\u00e4lt\u00e4 Jos ruotsin kieli sujuu ja sinulla sattuu olemaan internetiss\u00e4 VPN-yhteys, jolla p\u00e4\u00e4see katsomaan muidenkin maiden tv-ohjelmia, niin sarja l\u00f6ytyy t\u00e4\u00e4lt\u00e4. Ja jos ei muuta, niin k\u00e4y edes huokailemassa google-kuvahaussa &nbsp; Nyt ei muuta. Aurinko paistaa, tuuli ulvoo nurkissa ja tuossa lintujen ruokintapaikalla tepastelee kymmenitt\u00e4in peipposia ja mustarastaspariskunta. Se taitaa kuulkaa olla kes\u00e4 tulossa! &nbsp; Alla linkit muihin yhteispostaukseen osallistuneisiin blogeihin. 26 erilaista tapaa suuntautua yh\u00e4 omavaraisempaan el\u00e4m\u00e4\u00e4n. K\u00e4y ihmeess\u00e4 tutustumassa ja inspiroitumassa! Urban Farming Harmaa torppa Tsajut\u00a0 Sarin puutarhat Korkeala Jovelan talop\u00e4iv\u00e4kirja Maalaiskaupungin piha\u00a0 Riippumattomammaksi\u00a0 Kohti laadukkaampaa el\u00e4m\u00e4\u00e4\u00a0 Mets\u00e4l\u00e4isten el\u00e4m\u00e4\u00e4\u00a0 Sorakukka\u00a0 Laura eli Javis Maatiaiskanasen El\u00e4m\u00e4\u00e4\u00a0 Rakkautta ja maanantimia\u00a0 Palokankaan pientila\u00a0 Alussa oli Vehkosuo Puutarhahetki &#8211; Suurien unelmien puutarhablogi\u00a0 Pienenpieni farmi Iso-Orvokkiniitty Villa Koira Mrs Sinn\u00a0 Torpan Tytt\u00f6 Ku ite tekee Luomulaakso\u00a0 Caramellia Airot ulapalla<\/p>\n","protected":false},"author":1,"featured_media":2020,"comment_status":"open","ping_status":"open","sticky":false,"template":"","format":"standard","meta":{"footnotes":""},"categories":[50],"tags":[14,61,13],"class_list":["post-1975","post","type-post","status-publish","format-standard","has-post-thumbnail","hentry","category-puutarha","tag-kasvimaa","tag-omavaraisuus","tag-puutarha"],"acf":[],"_links":{"self":[{"href":"https:\/\/www.samanotavanalla.fi\/index.php?rest_route=\/wp\/v2\/posts\/1975","targetHints":{"allow":["GET"]}}],"collection":[{"href":"https:\/\/www.samanotavanalla.fi\/index.php?rest_route=\/wp\/v2\/posts"}],"about":[{"href":"https:\/\/www.samanotavanalla.fi\/index.php?rest_route=\/wp\/v2\/types\/post"}],"author":[{"embeddable":true,"href":"https:\/\/www.samanotavanalla.fi\/index.php?rest_route=\/wp\/v2\/users\/1"}],"replies":[{"embeddable":true,"href":"https:\/\/www.samanotavanalla.fi\/index.php?rest_route=%2Fwp%2Fv2%2Fcomments&post=1975"}],"version-history":[{"count":26,"href":"https:\/\/www.samanotavanalla.fi\/index.php?rest_route=\/wp\/v2\/posts\/1975\/revisions"}],"predecessor-version":[{"id":2627,"href":"https:\/\/www.samanotavanalla.fi\/index.php?rest_route=\/wp\/v2\/posts\/1975\/revisions\/2627"}],"wp:featuredmedia":[{"embeddable":true,"href":"https:\/\/www.samanotavanalla.fi\/index.php?rest_route=\/wp\/v2\/media\/2020"}],"wp:attachment":[{"href":"https:\/\/www.samanotavanalla.fi\/index.php?rest_route=%2Fwp%2Fv2%2Fmedia&parent=1975"}],"wp:term":[{"taxonomy":"category","embeddable":true,"href":"https:\/\/www.samanotavanalla.fi\/index.php?rest_route=%2Fwp%2Fv2%2Fcategories&post=1975"},{"taxonomy":"post_tag","embeddable":true,"href":"https:\/\/www.samanotavanalla.fi\/index.php?rest_route=%2Fwp%2Fv2%2Ftags&post=1975"}],"curies":[{"name":"wp","href":"https:\/\/api.w.org\/{rel}","templated":true}]}}