{"id":2171,"date":"2019-08-10T10:04:10","date_gmt":"2019-08-10T10:04:10","guid":{"rendered":"https:\/\/www.samanotavanalla.fi\/?p=2171"},"modified":"2019-08-17T10:03:08","modified_gmt":"2019-08-17T10:03:08","slug":"hiljaiset-niityt","status":"publish","type":"post","link":"https:\/\/www.samanotavanalla.fi\/?p=2171","title":{"rendered":"Hiljaiset niityt"},"content":{"rendered":"<p>Sen sijaan, ett\u00e4 sujauttaisi varvastossut jalkaan\u00a0ja hilpaisisi pihalle kasvimaata ihmettelem\u00e4\u00e4n, laitoin just tulet hellaan ja teet\u00e4 kiehumaan. Sellainen kes\u00e4.<\/p>\n<p>Olin muutaman p\u00e4iv\u00e4n Suomessa, ja piha oli muuttunut kukkivaksi alkukes\u00e4n niityksi. Kaikki kasvaa kohisten, lukuunottamatta sit\u00e4, mink\u00e4 olen itse kylv\u00e4nyt tai istuttanut.<\/p>\n<p>Luonnonkukat ja hein\u00e4 ei niin s\u00e4ist\u00e4 piittaa, kes\u00e4 kuin kes\u00e4, mutta kylv\u00f6ksille on edelleen\u00a0liian viile\u00e4\u00e4.<\/p>\n<p>&nbsp;<\/p>\n<p><a href=\"https:\/\/www.samanotavanalla.fi\/wp-content\/uploads\/2019\/08\/niitty2.jpg\"><img fetchpriority=\"high\" decoding=\"async\" class=\"alignnone size-full wp-image-2213\" src=\"https:\/\/www.samanotavanalla.fi\/wp-content\/uploads\/2019\/08\/niitty2.jpg\" alt=\"\" width=\"890\" height=\"593\" srcset=\"https:\/\/www.samanotavanalla.fi\/wp-content\/uploads\/2019\/08\/niitty2.jpg 890w, https:\/\/www.samanotavanalla.fi\/wp-content\/uploads\/2019\/08\/niitty2-300x200.jpg 300w, https:\/\/www.samanotavanalla.fi\/wp-content\/uploads\/2019\/08\/niitty2-768x512.jpg 768w\" sizes=\"(max-width: 890px) 100vw, 890px\" \/><\/a><\/p>\n<p>&nbsp;<\/p>\n<p>Eilen s\u00e4\u00e4 oli s\u00e4\u00e4tiedotusta uhmaten kuitenkin l\u00e4mmin ja kaunis. Piha oli ilokseni t\u00e4ynn\u00e4 perhosia (kiitos ohdakeperhosten vaelluksen), ja kun tarkkaan katsoi, niin joukossa oli my\u00f6s mehil\u00e4isi\u00e4. Mutta tarkkaan\u00a0 piti etsi\u00e4, ja niiden m\u00e4\u00e4r\u00e4n pystyi laskemaan.<\/p>\n<p>Vaikka t\u00e4m\u00e4 oma pihani on t\u00e4ynn\u00e4 kukkivia niittykasveja, niin mehil\u00e4iset\u00a0 ja kimalaiset loistivat poissaolollaan. Ja oikeastaan kaikki lent\u00e4v\u00e4t hy\u00f6nteiset. Se ilman t\u00e4ytt\u00e4v\u00e4 tasainen surina ja p\u00f6rin\u00e4 puuttui. Se oli suorastaan pelottavaa.<\/p>\n<p>En tied\u00e4, johtuuko se viile\u00e4st\u00e4 kes\u00e4st\u00e4 vai jostain muuta. Pelk\u00e4\u00e4n j\u00e4lkimm\u00e4ist\u00e4.<\/p>\n<p>&nbsp;<\/p>\n<p><a href=\"https:\/\/www.samanotavanalla.fi\/wp-content\/uploads\/2019\/08\/niitty5.jpg\"><img decoding=\"async\" class=\"alignnone size-full wp-image-2214\" src=\"https:\/\/www.samanotavanalla.fi\/wp-content\/uploads\/2019\/08\/niitty5.jpg\" alt=\"\" width=\"890\" height=\"593\" srcset=\"https:\/\/www.samanotavanalla.fi\/wp-content\/uploads\/2019\/08\/niitty5.jpg 890w, https:\/\/www.samanotavanalla.fi\/wp-content\/uploads\/2019\/08\/niitty5-300x200.jpg 300w, https:\/\/www.samanotavanalla.fi\/wp-content\/uploads\/2019\/08\/niitty5-768x512.jpg 768w\" sizes=\"(max-width: 890px) 100vw, 890px\" \/><\/a><\/p>\n<p>&nbsp;<\/p>\n<p>Luonnossa kaikki liittyy kaikkeen\u00a0ja kaikki ovat kytk\u00f6ksiss\u00e4 toisiinsa. Tietyt hy\u00f6nteiset tarvitsevat tiettyj\u00e4 kasveja el\u00e4\u00e4kseen. Tietyt linnut tarvitsevat tiettyj\u00e4 hy\u00f6nteisi\u00e4 el\u00e4\u00e4kseen. Lopultakin aika yksinkertaista ja tehokasta.<\/p>\n<p>Mutta my\u00f6s pelottavaa, koska sama toimii\u00a0my\u00f6s toisin p\u00e4in. Jos yksi kasvi tai hy\u00f6nteinen h\u00e4vi\u00e4\u00e4, se saattaa aiheuttaa arvaamattoman ketjureaktion, ja vaikutus on\u00a0paljon sit\u00e4 kasvia tai hy\u00f6nteist\u00e4 suurempi.<\/p>\n<p>Ainakin t\u00e4\u00e4ll\u00e4 p\u00e4\u00e4skysten m\u00e4\u00e4r\u00e4 on selv\u00e4sti v\u00e4hentynyt jo n\u00e4iden seitsem\u00e4n vuoden aikana. Muutos on ollut tosi nopeaa.<\/p>\n<p>&nbsp;<\/p>\n<p><a href=\"https:\/\/www.samanotavanalla.fi\/wp-content\/uploads\/2019\/08\/niitty6.jpg\"><img decoding=\"async\" class=\"alignnone size-full wp-image-2215\" src=\"https:\/\/www.samanotavanalla.fi\/wp-content\/uploads\/2019\/08\/niitty6.jpg\" alt=\"\" width=\"890\" height=\"593\" srcset=\"https:\/\/www.samanotavanalla.fi\/wp-content\/uploads\/2019\/08\/niitty6.jpg 890w, https:\/\/www.samanotavanalla.fi\/wp-content\/uploads\/2019\/08\/niitty6-300x200.jpg 300w, https:\/\/www.samanotavanalla.fi\/wp-content\/uploads\/2019\/08\/niitty6-768x512.jpg 768w\" sizes=\"(max-width: 890px) 100vw, 890px\" \/><\/a><\/p>\n<p>&nbsp;<\/p>\n<p>Me ihmiset kuvittelemme olevamme kaikessa \u00e4lykkyydess\u00e4mme\u00a0riippumattomia muista lajeista. Mutta ei se mene niin. Albert Einsteinin v\u00e4itet\u00e4\u00e4n sanoneen, ett\u00e4 kun p\u00f6lytt\u00e4j\u00e4t h\u00e4vi\u00e4v\u00e4t, ihmiskunnalla on kaksi vuotta elinaikaa.<\/p>\n<p>Facebookin puutarharyhmiss\u00e4 kysell\u00e4\u00e4n kuitenkin edelleen tehokkaiden rikkaruohomyrkkyjen per\u00e4\u00e4n, koska voikukat niin kovasti \u00e4rsytt\u00e4v\u00e4t. Se on mielest\u00e4ni ihan k\u00e4sitt\u00e4m\u00e4t\u00f6nt\u00e4. Ihan yht\u00e4 k\u00e4sitt\u00e4m\u00e4t\u00f6nt\u00e4, kun oli ne rikkaruohomyrkkypullot l\u00e4hikaupan\u00a0hyllyll\u00e4, kun siell\u00e4 \u00e4sken k\u00e4vin.<\/p>\n<p>Kyll\u00e4 meid\u00e4n pit\u00e4isi jo tiet\u00e4\u00e4 paremmin.<\/p>\n<p>&nbsp;<\/p>\n<p><a href=\"https:\/\/www.samanotavanalla.fi\/wp-content\/uploads\/2019\/08\/niitty7.jpg\"><img loading=\"lazy\" decoding=\"async\" class=\"alignnone size-full wp-image-2216\" src=\"https:\/\/www.samanotavanalla.fi\/wp-content\/uploads\/2019\/08\/niitty7.jpg\" alt=\"\" width=\"890\" height=\"593\" srcset=\"https:\/\/www.samanotavanalla.fi\/wp-content\/uploads\/2019\/08\/niitty7.jpg 890w, https:\/\/www.samanotavanalla.fi\/wp-content\/uploads\/2019\/08\/niitty7-300x200.jpg 300w, https:\/\/www.samanotavanalla.fi\/wp-content\/uploads\/2019\/08\/niitty7-768x512.jpg 768w\" sizes=\"(max-width: 890px) 100vw, 890px\" \/><\/a><\/p>\n<p>&nbsp;<\/p>\n<p>Joten muista:<\/p>\n<p>Jos myrkyt\u00e4t rikkaruohot, myrkyt\u00e4t my\u00f6s hy\u00f6nteiset,\u00a0linnut ja lopulta itsesi ja lapsesi. Vaikka siin\u00e4 pullon kyljess\u00e4 sanottaisiin mit\u00e4.<\/p>\n<p>Nyt p\u00f6lytt\u00e4j\u00e4t voidaan vied\u00e4 pelastaa, kun niit\u00e4 edelleen on. Sitten kun viimeinen mehil\u00e4inen on kuollut, on liian my\u00f6h\u00e4ist\u00e4.<\/p>\n<p>Maailman pelastaminen alkaa omalta pihalta ja omasta ruokakorista. \u00c4l\u00e4 itse k\u00e4yt\u00e4 myrkkyj\u00e4, ja osta luomua, jonka viljelyss\u00e4 ei ole k\u00e4ytetty myrkkyj\u00e4.<\/p>\n<p>&nbsp;<\/p>\n<p>(kirjoitettu 12.6.2019)<\/p>\n","protected":false},"excerpt":{"rendered":"<p>Sen sijaan, ett\u00e4 sujauttaisi varvastossut jalkaan\u00a0ja hilpaisisi pihalle kasvimaata ihmettelem\u00e4\u00e4n, laitoin just tulet hellaan ja teet\u00e4 kiehumaan. Sellainen kes\u00e4. Olin muutaman p\u00e4iv\u00e4n Suomessa, ja piha oli muuttunut kukkivaksi alkukes\u00e4n niityksi. Kaikki kasvaa kohisten, lukuunottamatta sit\u00e4, mink\u00e4 olen itse kylv\u00e4nyt tai istuttanut. Luonnonkukat ja hein\u00e4 ei niin s\u00e4ist\u00e4 piittaa, kes\u00e4 kuin kes\u00e4, mutta kylv\u00f6ksille on edelleen\u00a0liian viile\u00e4\u00e4. &nbsp; &nbsp; Eilen s\u00e4\u00e4 oli s\u00e4\u00e4tiedotusta uhmaten kuitenkin l\u00e4mmin ja kaunis. Piha oli ilokseni t\u00e4ynn\u00e4 perhosia (kiitos ohdakeperhosten vaelluksen), ja kun tarkkaan katsoi, niin joukossa oli my\u00f6s mehil\u00e4isi\u00e4. Mutta tarkkaan\u00a0 piti etsi\u00e4, ja niiden m\u00e4\u00e4r\u00e4n pystyi laskemaan. Vaikka t\u00e4m\u00e4 oma pihani on t\u00e4ynn\u00e4 kukkivia niittykasveja, niin mehil\u00e4iset\u00a0 ja kimalaiset loistivat poissaolollaan. Ja oikeastaan kaikki lent\u00e4v\u00e4t hy\u00f6nteiset. Se ilman t\u00e4ytt\u00e4v\u00e4 tasainen surina ja p\u00f6rin\u00e4 puuttui. Se oli suorastaan pelottavaa. En tied\u00e4, johtuuko se viile\u00e4st\u00e4 kes\u00e4st\u00e4 vai jostain muuta. Pelk\u00e4\u00e4n j\u00e4lkimm\u00e4ist\u00e4. &nbsp; &nbsp; Luonnossa kaikki liittyy kaikkeen\u00a0ja kaikki ovat kytk\u00f6ksiss\u00e4 toisiinsa. Tietyt hy\u00f6nteiset tarvitsevat tiettyj\u00e4 kasveja el\u00e4\u00e4kseen. Tietyt linnut tarvitsevat tiettyj\u00e4 hy\u00f6nteisi\u00e4 el\u00e4\u00e4kseen. Lopultakin aika yksinkertaista ja tehokasta. Mutta my\u00f6s pelottavaa, koska sama toimii\u00a0my\u00f6s toisin p\u00e4in. Jos yksi kasvi tai hy\u00f6nteinen h\u00e4vi\u00e4\u00e4, se saattaa aiheuttaa arvaamattoman ketjureaktion, ja vaikutus on\u00a0paljon sit\u00e4 kasvia tai hy\u00f6nteist\u00e4 suurempi. Ainakin t\u00e4\u00e4ll\u00e4 p\u00e4\u00e4skysten m\u00e4\u00e4r\u00e4 on selv\u00e4sti v\u00e4hentynyt jo n\u00e4iden seitsem\u00e4n vuoden aikana. Muutos on ollut tosi nopeaa. &nbsp; &nbsp; Me ihmiset kuvittelemme olevamme kaikessa \u00e4lykkyydess\u00e4mme\u00a0riippumattomia muista lajeista. Mutta ei se mene niin. Albert Einsteinin v\u00e4itet\u00e4\u00e4n sanoneen, ett\u00e4 kun p\u00f6lytt\u00e4j\u00e4t h\u00e4vi\u00e4v\u00e4t, ihmiskunnalla on kaksi vuotta elinaikaa. Facebookin puutarharyhmiss\u00e4 kysell\u00e4\u00e4n kuitenkin edelleen tehokkaiden rikkaruohomyrkkyjen per\u00e4\u00e4n, koska voikukat niin kovasti \u00e4rsytt\u00e4v\u00e4t. Se on mielest\u00e4ni ihan k\u00e4sitt\u00e4m\u00e4t\u00f6nt\u00e4. Ihan yht\u00e4 k\u00e4sitt\u00e4m\u00e4t\u00f6nt\u00e4, kun oli ne rikkaruohomyrkkypullot l\u00e4hikaupan\u00a0hyllyll\u00e4, kun siell\u00e4 \u00e4sken k\u00e4vin. Kyll\u00e4 meid\u00e4n pit\u00e4isi jo tiet\u00e4\u00e4 paremmin. &nbsp; &nbsp; Joten muista: Jos myrkyt\u00e4t rikkaruohot, myrkyt\u00e4t my\u00f6s hy\u00f6nteiset,\u00a0linnut ja lopulta itsesi ja lapsesi. Vaikka siin\u00e4 pullon kyljess\u00e4 sanottaisiin mit\u00e4. Nyt p\u00f6lytt\u00e4j\u00e4t voidaan vied\u00e4 pelastaa, kun niit\u00e4 edelleen on. Sitten kun viimeinen mehil\u00e4inen on kuollut, on liian my\u00f6h\u00e4ist\u00e4. Maailman pelastaminen alkaa omalta pihalta ja omasta ruokakorista. \u00c4l\u00e4 itse k\u00e4yt\u00e4 myrkkyj\u00e4, ja osta luomua, jonka viljelyss\u00e4 ei ole k\u00e4ytetty myrkkyj\u00e4. &nbsp; (kirjoitettu 12.6.2019)<\/p>\n","protected":false},"author":1,"featured_media":2212,"comment_status":"open","ping_status":"open","sticky":false,"template":"","format":"standard","meta":{"footnotes":""},"categories":[50],"tags":[21,20,13],"class_list":["post-2171","post","type-post","status-publish","format-standard","has-post-thumbnail","hentry","category-puutarha","tag-kesa","tag-luonto","tag-puutarha"],"acf":[],"_links":{"self":[{"href":"https:\/\/www.samanotavanalla.fi\/index.php?rest_route=\/wp\/v2\/posts\/2171","targetHints":{"allow":["GET"]}}],"collection":[{"href":"https:\/\/www.samanotavanalla.fi\/index.php?rest_route=\/wp\/v2\/posts"}],"about":[{"href":"https:\/\/www.samanotavanalla.fi\/index.php?rest_route=\/wp\/v2\/types\/post"}],"author":[{"embeddable":true,"href":"https:\/\/www.samanotavanalla.fi\/index.php?rest_route=\/wp\/v2\/users\/1"}],"replies":[{"embeddable":true,"href":"https:\/\/www.samanotavanalla.fi\/index.php?rest_route=%2Fwp%2Fv2%2Fcomments&post=2171"}],"version-history":[{"count":3,"href":"https:\/\/www.samanotavanalla.fi\/index.php?rest_route=\/wp\/v2\/posts\/2171\/revisions"}],"predecessor-version":[{"id":2217,"href":"https:\/\/www.samanotavanalla.fi\/index.php?rest_route=\/wp\/v2\/posts\/2171\/revisions\/2217"}],"wp:featuredmedia":[{"embeddable":true,"href":"https:\/\/www.samanotavanalla.fi\/index.php?rest_route=\/wp\/v2\/media\/2212"}],"wp:attachment":[{"href":"https:\/\/www.samanotavanalla.fi\/index.php?rest_route=%2Fwp%2Fv2%2Fmedia&parent=2171"}],"wp:term":[{"taxonomy":"category","embeddable":true,"href":"https:\/\/www.samanotavanalla.fi\/index.php?rest_route=%2Fwp%2Fv2%2Fcategories&post=2171"},{"taxonomy":"post_tag","embeddable":true,"href":"https:\/\/www.samanotavanalla.fi\/index.php?rest_route=%2Fwp%2Fv2%2Ftags&post=2171"}],"curies":[{"name":"wp","href":"https:\/\/api.w.org\/{rel}","templated":true}]}}