{"id":2174,"date":"2019-08-10T10:11:05","date_gmt":"2019-08-10T10:11:05","guid":{"rendered":"https:\/\/www.samanotavanalla.fi\/?p=2174"},"modified":"2019-08-17T10:02:26","modified_gmt":"2019-08-17T10:02:26","slug":"norjalaista-mokkeilya","status":"publish","type":"post","link":"https:\/\/www.samanotavanalla.fi\/?p=2174","title":{"rendered":"Norjalaista m\u00f6kkeily\u00e4"},"content":{"rendered":"<p>Norjalaiset ovat yht\u00e4 m\u00f6kkihullua kansaa kuin suomalaisetkin. Yhdell\u00e4 erolla: norjalaisten m\u00f6kit eiv\u00e4t v\u00e4ltt\u00e4m\u00e4tt\u00e4\u00a0sijaitse j\u00e4rven rannalla, vaan vuoristossa. Noin p\u00e4\u00e4s\u00e4\u00e4nt\u00f6isesti. Mit\u00e4 korkeammalla, sen parempi. Hulppeat n\u00e4k\u00f6alat saattavat nostaa vaatimattomankin m\u00f6kin hintaa huomattavasti.<\/p>\n<p>Niin ja se toinen merkitt\u00e4v\u00e4 ero on tietenkin se, ett\u00e4 m\u00f6keill\u00e4 ei yleens\u00e4 ole saunaa, mik\u00e4 on n\u00e4in suomalaisen mielest\u00e4 ihan k\u00e4sitt\u00e4m\u00e4t\u00f6nt\u00e4. T\u00e4llainen ulkoilukansa, joka ei ymm\u00e4rr\u00e4 saunomisen p\u00e4\u00e4lle oikein mit\u00e4\u00e4n.<\/p>\n<p>Vanhemmat m\u00f6kit ovat yleens\u00e4 melko vaatimattomia, mutta elintason nousu n\u00e4kyy t\u00e4\u00e4ll\u00e4kin. Vuoret rinteet t\u00e4yttyv\u00e4t nyky\u00e4\u00e4n toinen toistaan hulppeammista huviloista, joiden sisustukseen panostetaan enemm\u00e4n, kuin siihen vakituiseen\u00a0asuntoon. Ja sitten n\u00e4m\u00e4 hulppeat hirsilinnat seisovat suuren osan vuodesta tyhjill\u00e4\u00e4n.<\/p>\n<p>&nbsp;<\/p>\n<p><a href=\"https:\/\/www.samanotavanalla.fi\/wp-content\/uploads\/2019\/08\/hedalsfjell2.jpg\"><img fetchpriority=\"high\" decoding=\"async\" class=\"alignnone size-full wp-image-2219\" src=\"https:\/\/www.samanotavanalla.fi\/wp-content\/uploads\/2019\/08\/hedalsfjell2.jpg\" alt=\"\" width=\"890\" height=\"501\" srcset=\"https:\/\/www.samanotavanalla.fi\/wp-content\/uploads\/2019\/08\/hedalsfjell2.jpg 890w, https:\/\/www.samanotavanalla.fi\/wp-content\/uploads\/2019\/08\/hedalsfjell2-300x169.jpg 300w, https:\/\/www.samanotavanalla.fi\/wp-content\/uploads\/2019\/08\/hedalsfjell2-768x432.jpg 768w\" sizes=\"(max-width: 890px) 100vw, 890px\" \/><\/a><\/p>\n<p>&nbsp;<\/p>\n<p>Nyt on Norjassakin her\u00e4tty siihen, ett\u00e4 m\u00f6kkien, tai ehk\u00e4 pikemminkin huviloiden\u00a0rakentaminen ei ehk\u00e4 olekaan niin hyv\u00e4 juttu. Kun yh\u00e4 useammat vuoren rinteet t\u00e4yttyv\u00e4t m\u00f6kkikylist\u00e4, on se alkanut olla yh\u00e4 suurempi uhka norjalaiselle luonnolle. Luksusm\u00f6keille kun pit\u00e4\u00e4 saada my\u00f6s s\u00e4hk\u00f6\u00e4, vesijohtoja\u00a0ja teit\u00e4.<\/p>\n<p>Itse en ihan t\u00e4t\u00e4 nykyist\u00e4 m\u00f6kkeily\u00e4\u00a0ymm\u00e4rr\u00e4. M\u00f6kkiloman rentouttava vaikutus kun on mielest\u00e4ni siin\u00e4, ett\u00e4 m\u00f6kkiel\u00e4m\u00e4 on niin erilaista tavalliseen arkeen verattuna. Toki mukavuudet vapauttavat aikaa, mutta mihin? Television katseluun? Netiss\u00e4 istumiseen?<\/p>\n<p>Jos vain siirryt\u00e4\u00e4n eri ymp\u00e4rist\u00f6\u00f6n tekem\u00e4\u00e4n niit\u00e4 ihan samoja asioita kuin kotonakin, voi koko m\u00f6kkeilyn ideaa mielest\u00e4ni v\u00e4h\u00e4n kyseenalaistaa. Ja kulutuksen n\u00e4k\u00f6kulmasta se on tietenkin aika kest\u00e4m\u00e4t\u00f6nt\u00e4.<\/p>\n<p>&nbsp;<\/p>\n<p><a href=\"https:\/\/www.samanotavanalla.fi\/wp-content\/uploads\/2019\/08\/hedalsfjell3.jpg\"><img decoding=\"async\" class=\"alignnone size-full wp-image-2220\" src=\"https:\/\/www.samanotavanalla.fi\/wp-content\/uploads\/2019\/08\/hedalsfjell3.jpg\" alt=\"\" width=\"890\" height=\"501\" srcset=\"https:\/\/www.samanotavanalla.fi\/wp-content\/uploads\/2019\/08\/hedalsfjell3.jpg 890w, https:\/\/www.samanotavanalla.fi\/wp-content\/uploads\/2019\/08\/hedalsfjell3-300x169.jpg 300w, https:\/\/www.samanotavanalla.fi\/wp-content\/uploads\/2019\/08\/hedalsfjell3-768x432.jpg 768w\" sizes=\"(max-width: 890px) 100vw, 890px\" \/><\/a><\/p>\n<p>&nbsp;<\/p>\n<p>Ja t\u00e4st\u00e4 sitten hyv\u00e4\u00a0aasinsilta viime viikonloppuun. Meill\u00e4 oli taidekerhomme kev\u00e4tkauden p\u00e4\u00e4tt\u00e4j\u00e4iset, ja olimme yhden j\u00e4senemme m\u00f6kill\u00e4 perjantaista\u00a0lauantaihin. T\u00e4m\u00e4 m\u00f6kki on ehk\u00e4 sellainen v\u00e4limuoto m\u00f6kin ja huvilan v\u00e4lill\u00e4. Aika hieno, mutta kiva.<\/p>\n<p>Hyv\u00e4\u00e4 seuraa, hyv\u00e4\u00e4 ruokaa, naurua, t\u00e4ysikuu, y\u00f6t\u00f6n y\u00f6 ja ehk\u00e4 parhaimpana utelias kettu, joka ilmestyi pihalle grillin houkuttelemana.<\/p>\n<p>&nbsp;<\/p>\n<p><a href=\"https:\/\/www.samanotavanalla.fi\/wp-content\/uploads\/2019\/08\/kettu.jpeg\"><img decoding=\"async\" class=\"alignnone size-full wp-image-2221\" src=\"https:\/\/www.samanotavanalla.fi\/wp-content\/uploads\/2019\/08\/kettu.jpeg\" alt=\"\" width=\"890\" height=\"593\" srcset=\"https:\/\/www.samanotavanalla.fi\/wp-content\/uploads\/2019\/08\/kettu.jpeg 890w, https:\/\/www.samanotavanalla.fi\/wp-content\/uploads\/2019\/08\/kettu-300x200.jpeg 300w, https:\/\/www.samanotavanalla.fi\/wp-content\/uploads\/2019\/08\/kettu-768x512.jpeg 768w\" sizes=\"(max-width: 890px) 100vw, 890px\" \/><\/a><\/p>\n<p>&nbsp;<\/p>\n<p>Ehk\u00e4 ensimm\u00e4ist\u00e4 kertaa ymm\u00e4rsin jotenkin sen halun m\u00f6kkeill\u00e4 tuolla ylh\u00e4\u00e4ll\u00e4. Ilma on siell\u00e4 erilaista, on hyv\u00e4 hengitt\u00e4\u00e4. On hiljaista. Luonto on v\u00e4h\u00e4n karua. Ulkona liikkuessa sieluun laskeutui jonkinlainen rauha.<\/p>\n<p>Ja ensimm\u00e4ist\u00e4 kertaa tuli mieleen, ett\u00e4 mit\u00e4 jos? Voisiko joskus vaikka\u00a0vuokrata sellaisen pienen piilopirtin tuolta ylh\u00e4\u00e4lt\u00e4. Mutta yksinkertaisen sellaisen, ilman mit\u00e4\u00e4n mukavuuksia. Nukkua hyvin vuoristoilmassa, k\u00e4yd\u00e4 k\u00e4velyill\u00e4 ja olla tekem\u00e4tt\u00e4 mit\u00e4\u00e4n.<\/p>\n<p>&nbsp;<\/p>\n<p><a href=\"https:\/\/www.samanotavanalla.fi\/wp-content\/uploads\/2019\/08\/iltarusko.jpg\"><img loading=\"lazy\" decoding=\"async\" class=\"alignnone size-full wp-image-2222\" src=\"https:\/\/www.samanotavanalla.fi\/wp-content\/uploads\/2019\/08\/iltarusko.jpg\" alt=\"\" width=\"890\" height=\"501\" srcset=\"https:\/\/www.samanotavanalla.fi\/wp-content\/uploads\/2019\/08\/iltarusko.jpg 890w, https:\/\/www.samanotavanalla.fi\/wp-content\/uploads\/2019\/08\/iltarusko-300x169.jpg 300w, https:\/\/www.samanotavanalla.fi\/wp-content\/uploads\/2019\/08\/iltarusko-768x432.jpg 768w\" sizes=\"(max-width: 890px) 100vw, 890px\" \/><\/a><\/p>\n<p>&nbsp;<\/p>\n<p>Viikonloppu toimi my\u00f6s loistavana hypp\u00e4yksen\u00e4 kes\u00e4lomaan.<\/p>\n<p>Olin aikonut\u00a0kirjoittaa to do- listan kaikista\u00a0tekem\u00e4tt\u00f6mist\u00e4 t\u00f6ist\u00e4. Pesem\u00e4tt\u00f6mist\u00e4 ikkunoista ja matoista, ja siivouksen tarpeessa olevista komeroista.<\/p>\n<p>Mutta sitten muutin mielt\u00e4ni. P\u00e4\u00e4tin pyhitt\u00e4\u00e4 t\u00e4m\u00e4 loman itsest\u00e4ni huolehtimiselle. Aion sy\u00f6d\u00e4 hyvin ja terveellisesti, liikkua enemm\u00e4n ja tehd\u00e4\u00a0mukavia asioita. Siin\u00e4 saattaa joku mattokin tulla pesty\u00e4, mutta niit\u00e4 ei ole kirjattu mieleni to do-listalle.<\/p>\n<p>Voisitko tehd\u00e4 samalla tavalla? Unohtaa ne tekem\u00e4tt\u00f6m\u00e4t ty\u00f6t ja k\u00e4ytt\u00e4\u00e4 lomasi itsest\u00e4si huolehtimiseen? Mit\u00e4 se sitten sinulle tarkoittaakin.<\/p>\n<p>(kirjoitettu 18.6.2019)<\/p>\n","protected":false},"excerpt":{"rendered":"<p>Norjalaiset ovat yht\u00e4 m\u00f6kkihullua kansaa kuin suomalaisetkin. Yhdell\u00e4 erolla: norjalaisten m\u00f6kit eiv\u00e4t v\u00e4ltt\u00e4m\u00e4tt\u00e4\u00a0sijaitse j\u00e4rven rannalla, vaan vuoristossa. Noin p\u00e4\u00e4s\u00e4\u00e4nt\u00f6isesti. Mit\u00e4 korkeammalla, sen parempi. Hulppeat n\u00e4k\u00f6alat saattavat nostaa vaatimattomankin m\u00f6kin hintaa huomattavasti. Niin ja se toinen merkitt\u00e4v\u00e4 ero on tietenkin se, ett\u00e4 m\u00f6keill\u00e4 ei yleens\u00e4 ole saunaa, mik\u00e4 on n\u00e4in suomalaisen mielest\u00e4 ihan k\u00e4sitt\u00e4m\u00e4t\u00f6nt\u00e4. T\u00e4llainen ulkoilukansa, joka ei ymm\u00e4rr\u00e4 saunomisen p\u00e4\u00e4lle oikein mit\u00e4\u00e4n. Vanhemmat m\u00f6kit ovat yleens\u00e4 melko vaatimattomia, mutta elintason nousu n\u00e4kyy t\u00e4\u00e4ll\u00e4kin. Vuoret rinteet t\u00e4yttyv\u00e4t nyky\u00e4\u00e4n toinen toistaan hulppeammista huviloista, joiden sisustukseen panostetaan enemm\u00e4n, kuin siihen vakituiseen\u00a0asuntoon. Ja sitten n\u00e4m\u00e4 hulppeat hirsilinnat seisovat suuren osan vuodesta tyhjill\u00e4\u00e4n. &nbsp; &nbsp; Nyt on Norjassakin her\u00e4tty siihen, ett\u00e4 m\u00f6kkien, tai ehk\u00e4 pikemminkin huviloiden\u00a0rakentaminen ei ehk\u00e4 olekaan niin hyv\u00e4 juttu. Kun yh\u00e4 useammat vuoren rinteet t\u00e4yttyv\u00e4t m\u00f6kkikylist\u00e4, on se alkanut olla yh\u00e4 suurempi uhka norjalaiselle luonnolle. Luksusm\u00f6keille kun pit\u00e4\u00e4 saada my\u00f6s s\u00e4hk\u00f6\u00e4, vesijohtoja\u00a0ja teit\u00e4. Itse en ihan t\u00e4t\u00e4 nykyist\u00e4 m\u00f6kkeily\u00e4\u00a0ymm\u00e4rr\u00e4. M\u00f6kkiloman rentouttava vaikutus kun on mielest\u00e4ni siin\u00e4, ett\u00e4 m\u00f6kkiel\u00e4m\u00e4 on niin erilaista tavalliseen arkeen verattuna. Toki mukavuudet vapauttavat aikaa, mutta mihin? Television katseluun? Netiss\u00e4 istumiseen? Jos vain siirryt\u00e4\u00e4n eri ymp\u00e4rist\u00f6\u00f6n tekem\u00e4\u00e4n niit\u00e4 ihan samoja asioita kuin kotonakin, voi koko m\u00f6kkeilyn ideaa mielest\u00e4ni v\u00e4h\u00e4n kyseenalaistaa. Ja kulutuksen n\u00e4k\u00f6kulmasta se on tietenkin aika kest\u00e4m\u00e4t\u00f6nt\u00e4. &nbsp; &nbsp; Ja t\u00e4st\u00e4 sitten hyv\u00e4\u00a0aasinsilta viime viikonloppuun. Meill\u00e4 oli taidekerhomme kev\u00e4tkauden p\u00e4\u00e4tt\u00e4j\u00e4iset, ja olimme yhden j\u00e4senemme m\u00f6kill\u00e4 perjantaista\u00a0lauantaihin. T\u00e4m\u00e4 m\u00f6kki on ehk\u00e4 sellainen v\u00e4limuoto m\u00f6kin ja huvilan v\u00e4lill\u00e4. Aika hieno, mutta kiva. Hyv\u00e4\u00e4 seuraa, hyv\u00e4\u00e4 ruokaa, naurua, t\u00e4ysikuu, y\u00f6t\u00f6n y\u00f6 ja ehk\u00e4 parhaimpana utelias kettu, joka ilmestyi pihalle grillin houkuttelemana. &nbsp; &nbsp; Ehk\u00e4 ensimm\u00e4ist\u00e4 kertaa ymm\u00e4rsin jotenkin sen halun m\u00f6kkeill\u00e4 tuolla ylh\u00e4\u00e4ll\u00e4. Ilma on siell\u00e4 erilaista, on hyv\u00e4 hengitt\u00e4\u00e4. On hiljaista. Luonto on v\u00e4h\u00e4n karua. Ulkona liikkuessa sieluun laskeutui jonkinlainen rauha. Ja ensimm\u00e4ist\u00e4 kertaa tuli mieleen, ett\u00e4 mit\u00e4 jos? Voisiko joskus vaikka\u00a0vuokrata sellaisen pienen piilopirtin tuolta ylh\u00e4\u00e4lt\u00e4. Mutta yksinkertaisen sellaisen, ilman mit\u00e4\u00e4n mukavuuksia. Nukkua hyvin vuoristoilmassa, k\u00e4yd\u00e4 k\u00e4velyill\u00e4 ja olla tekem\u00e4tt\u00e4 mit\u00e4\u00e4n. &nbsp; &nbsp; Viikonloppu toimi my\u00f6s loistavana hypp\u00e4yksen\u00e4 kes\u00e4lomaan. Olin aikonut\u00a0kirjoittaa to do- listan kaikista\u00a0tekem\u00e4tt\u00f6mist\u00e4 t\u00f6ist\u00e4. Pesem\u00e4tt\u00f6mist\u00e4 ikkunoista ja matoista, ja siivouksen tarpeessa olevista komeroista. Mutta sitten muutin mielt\u00e4ni. P\u00e4\u00e4tin pyhitt\u00e4\u00e4 t\u00e4m\u00e4 loman itsest\u00e4ni huolehtimiselle. Aion sy\u00f6d\u00e4 hyvin ja terveellisesti, liikkua enemm\u00e4n ja tehd\u00e4\u00a0mukavia asioita. Siin\u00e4 saattaa joku mattokin tulla pesty\u00e4, mutta niit\u00e4 ei ole kirjattu mieleni to do-listalle. Voisitko tehd\u00e4 samalla tavalla? Unohtaa ne tekem\u00e4tt\u00f6m\u00e4t ty\u00f6t ja k\u00e4ytt\u00e4\u00e4 lomasi itsest\u00e4si huolehtimiseen? Mit\u00e4 se sitten sinulle tarkoittaakin. (kirjoitettu 18.6.2019)<\/p>\n","protected":false},"author":1,"featured_media":2218,"comment_status":"open","ping_status":"open","sticky":false,"template":"","format":"standard","meta":{"footnotes":""},"categories":[47],"tags":[21,32,25],"class_list":["post-2174","post","type-post","status-publish","format-standard","has-post-thumbnail","hentry","category-elamaa","tag-kesa","tag-kulttuurierot","tag-norja"],"acf":[],"_links":{"self":[{"href":"https:\/\/www.samanotavanalla.fi\/index.php?rest_route=\/wp\/v2\/posts\/2174","targetHints":{"allow":["GET"]}}],"collection":[{"href":"https:\/\/www.samanotavanalla.fi\/index.php?rest_route=\/wp\/v2\/posts"}],"about":[{"href":"https:\/\/www.samanotavanalla.fi\/index.php?rest_route=\/wp\/v2\/types\/post"}],"author":[{"embeddable":true,"href":"https:\/\/www.samanotavanalla.fi\/index.php?rest_route=\/wp\/v2\/users\/1"}],"replies":[{"embeddable":true,"href":"https:\/\/www.samanotavanalla.fi\/index.php?rest_route=%2Fwp%2Fv2%2Fcomments&post=2174"}],"version-history":[{"count":3,"href":"https:\/\/www.samanotavanalla.fi\/index.php?rest_route=\/wp\/v2\/posts\/2174\/revisions"}],"predecessor-version":[{"id":2223,"href":"https:\/\/www.samanotavanalla.fi\/index.php?rest_route=\/wp\/v2\/posts\/2174\/revisions\/2223"}],"wp:featuredmedia":[{"embeddable":true,"href":"https:\/\/www.samanotavanalla.fi\/index.php?rest_route=\/wp\/v2\/media\/2218"}],"wp:attachment":[{"href":"https:\/\/www.samanotavanalla.fi\/index.php?rest_route=%2Fwp%2Fv2%2Fmedia&parent=2174"}],"wp:term":[{"taxonomy":"category","embeddable":true,"href":"https:\/\/www.samanotavanalla.fi\/index.php?rest_route=%2Fwp%2Fv2%2Fcategories&post=2174"},{"taxonomy":"post_tag","embeddable":true,"href":"https:\/\/www.samanotavanalla.fi\/index.php?rest_route=%2Fwp%2Fv2%2Ftags&post=2174"}],"curies":[{"name":"wp","href":"https:\/\/api.w.org\/{rel}","templated":true}]}}