{"id":2564,"date":"2020-01-26T10:28:33","date_gmt":"2020-01-26T10:28:33","guid":{"rendered":"https:\/\/www.samanotavanalla.fi\/?p=2564"},"modified":"2020-01-26T10:28:33","modified_gmt":"2020-01-26T10:28:33","slug":"oi-ihana-tammikuu","status":"publish","type":"post","link":"https:\/\/www.samanotavanalla.fi\/?p=2564","title":{"rendered":"Oi ihana tammikuu!"},"content":{"rendered":"<p>Olen monta kertaa sanonut, ett\u00e4 vuodesta voisi poistaa kaksi kuukautta, marras- ja tammikuun. Jos marraskuu on tuskaisen pime\u00e4 ja loskainen, niin tammikuu on usein mit\u00e4\u00e4nsanomattoman harmaa ja kev\u00e4t tuntuu etenev\u00e4n kovin hitaasti.<\/p>\n<p>T\u00e4n\u00e4 vuonna kaikki on kuitenkin toisin. En muista, milloin tammikuu oliis tuntunut n\u00e4in hyv\u00e4lt\u00e4. Osaltaan johtuu siit\u00e4, ett\u00e4 koko talvi on tuntunut pitk\u00e4st\u00e4 aikaa jotenkin kummallisen siedett\u00e4v\u00e4lt\u00e4. Joulukin oli aika ihana, vaikka mit\u00e4\u00e4n ihmeellist\u00e4 ei tapahtunutkaan.<\/p>\n<p>Ehk\u00e4 t\u00e4m\u00e4 talvi on ollut jotenkin synkassa oman mielenmaiseman kanssa, ja lepo on tehnyt hyv\u00e4\u00e4.<\/p>\n<p>Ei ole tarvinnut mietti\u00e4 puutarhat\u00f6it\u00e4 tai syytt\u00e4\u00e4 itse\u00e4\u00e4n siit\u00e4, ett\u00e4 ei saa mit\u00e4\u00e4n aikaiseksi. Viime kes\u00e4h\u00e4n meni hampaita kiristellen, itse\u00e4 syytellen ja kahvia juoden.<\/p>\n<p>T\u00e4m\u00e4 talvi on mennyt lev\u00e4tess\u00e4. Tai lev\u00e4tess\u00e4 siin\u00e4 mieless\u00e4, ett\u00e4 en ole tehnyt mit\u00e4\u00e4n ylim\u00e4\u00e4r\u00e4ist\u00e4. Vain ne pakolliset. Ja nyt kev\u00e4\u00e4n tulo tuntuu tosi hyv\u00e4lt\u00e4.<\/p>\n<p>&nbsp;<\/p>\n<p><a href=\"https:\/\/www.samanotavanalla.fi\/wp-content\/uploads\/2020\/01\/IMG_20200121_124935-scaled.jpg\"><img fetchpriority=\"high\" decoding=\"async\" class=\"alignnone size-full wp-image-2567\" src=\"https:\/\/www.samanotavanalla.fi\/wp-content\/uploads\/2020\/01\/IMG_20200121_124935-scaled.jpg\" alt=\"\" width=\"2560\" height=\"1920\" srcset=\"https:\/\/www.samanotavanalla.fi\/wp-content\/uploads\/2020\/01\/IMG_20200121_124935-scaled.jpg 2560w, https:\/\/www.samanotavanalla.fi\/wp-content\/uploads\/2020\/01\/IMG_20200121_124935-300x225.jpg 300w, https:\/\/www.samanotavanalla.fi\/wp-content\/uploads\/2020\/01\/IMG_20200121_124935-1024x768.jpg 1024w, https:\/\/www.samanotavanalla.fi\/wp-content\/uploads\/2020\/01\/IMG_20200121_124935-768x576.jpg 768w, https:\/\/www.samanotavanalla.fi\/wp-content\/uploads\/2020\/01\/IMG_20200121_124935-1536x1152.jpg 1536w, https:\/\/www.samanotavanalla.fi\/wp-content\/uploads\/2020\/01\/IMG_20200121_124935-2048x1536.jpg 2048w, https:\/\/www.samanotavanalla.fi\/wp-content\/uploads\/2020\/01\/IMG_20200121_124935-1140x855.jpg 1140w\" sizes=\"(max-width: 2560px) 100vw, 2560px\" \/><\/a><\/p>\n<p>&nbsp;<\/p>\n<p>Osaltaan el\u00e4m\u00e4n on tehnyt mukavammaksi poikkeuksellisen leuto tammikuu. Ja muutenkin helppo ja stressit\u00f6n. Ajokelit ovat olleet hyv\u00e4t, lumit\u00f6it\u00e4 ei ole tarvinnut tehd\u00e4 ja puita on voinut kanniskella kaikessa rauhassa &#8211; talo on pysynyt l\u00e4mpim\u00e4n\u00e4 v\u00e4hemm\u00e4ll\u00e4kin.<\/p>\n<p>&nbsp;<\/p>\n<p>L\u00e4hes joka p\u00e4iv\u00e4 on paistanut aurinko, linnut sirkuttelee kev\u00e4isesti, eik\u00e4 ole tuntunut ollenkaan tammikuulta. Pikemminkin helmikuulta. Ehk\u00e4 toivomukseni on kuultu, ja tammikuu on kuin onkin poistunut vuodenkierrosta?<\/p>\n<p>&nbsp;<\/p>\n<p><a href=\"https:\/\/www.samanotavanalla.fi\/wp-content\/uploads\/2020\/01\/IMG_20200121_125035-scaled.jpg\"><img decoding=\"async\" class=\"alignnone size-full wp-image-2568\" src=\"https:\/\/www.samanotavanalla.fi\/wp-content\/uploads\/2020\/01\/IMG_20200121_125035-scaled.jpg\" alt=\"\" width=\"2560\" height=\"1920\" srcset=\"https:\/\/www.samanotavanalla.fi\/wp-content\/uploads\/2020\/01\/IMG_20200121_125035-scaled.jpg 2560w, https:\/\/www.samanotavanalla.fi\/wp-content\/uploads\/2020\/01\/IMG_20200121_125035-300x225.jpg 300w, https:\/\/www.samanotavanalla.fi\/wp-content\/uploads\/2020\/01\/IMG_20200121_125035-1024x768.jpg 1024w, https:\/\/www.samanotavanalla.fi\/wp-content\/uploads\/2020\/01\/IMG_20200121_125035-768x576.jpg 768w, https:\/\/www.samanotavanalla.fi\/wp-content\/uploads\/2020\/01\/IMG_20200121_125035-1536x1152.jpg 1536w, https:\/\/www.samanotavanalla.fi\/wp-content\/uploads\/2020\/01\/IMG_20200121_125035-2048x1536.jpg 2048w, https:\/\/www.samanotavanalla.fi\/wp-content\/uploads\/2020\/01\/IMG_20200121_125035-1140x855.jpg 1140w\" sizes=\"(max-width: 2560px) 100vw, 2560px\" \/><\/a><\/p>\n<p>&nbsp;<\/p>\n<p>Blogia kirjoittelen enemm\u00e4n vain mieless\u00e4ni. Jotenkin tuntuu, ett\u00e4 kun maailman tilanne on mik\u00e4 se on, t\u00e4m\u00e4n pit\u00e4isi olla aina jotenkin merkityksellist\u00e4, ja t\u00e4t\u00e4 mahdollisuutta pit\u00e4isi hy\u00f6dynt\u00e4\u00e4. Kirjoittaa t\u00e4rkeist\u00e4 asioista, tied\u00e4tteh\u00e4n? Mutta jos ja kun rima nousee liian korkealle, niin kirjoittaminen j\u00e4\u00e4 kokonaan.<\/p>\n<p>&nbsp;<\/p>\n<p>Tulee taas mieleen se Elisabeth Gilbertin luovien ihmisten luokittelu ahkeriin huithapeleihin ja laiskoihin perfektionisteihin. Min\u00e4h\u00e4n olen ehdottomasti ja kiistatta tuo j\u00e4lkimm\u00e4inen, ja j\u00e4lki on sitten sen n\u00e4k\u00f6ist\u00e4 &#8211; eli sit\u00e4 j\u00e4lke\u00e4 ei synny usein ollenkaan.<\/p>\n<p>&nbsp;<\/p>\n<p>Sohvalla maatessa p\u00e4\u00e4 on t\u00e4ynn\u00e4 hyvi\u00e4 suunnitelmia, sujuvia ja merkityksellisi\u00e4 blogipostauksia ja hienoja maalauksia. Puhumattakaan kaikista muista suunnitelmista, mutta toteutus j\u00e4\u00e4 uupumaan. En tajua, miksi se on niin vaikeaa.<\/p>\n<p>&nbsp;<\/p>\n<p>Pit\u00e4isi varmaan taas laittaa se &#8221;Just do it!&#8221;- juliste sein\u00e4lle.<\/p>\n<p>&nbsp;<\/p>\n<p><a href=\"https:\/\/www.samanotavanalla.fi\/wp-content\/uploads\/2020\/01\/IMG_20200122_124638-scaled.jpg\"><img decoding=\"async\" class=\"alignnone size-full wp-image-2575\" src=\"https:\/\/www.samanotavanalla.fi\/wp-content\/uploads\/2020\/01\/IMG_20200122_124638-scaled.jpg\" alt=\"\" width=\"2560\" height=\"1920\" srcset=\"https:\/\/www.samanotavanalla.fi\/wp-content\/uploads\/2020\/01\/IMG_20200122_124638-scaled.jpg 2560w, https:\/\/www.samanotavanalla.fi\/wp-content\/uploads\/2020\/01\/IMG_20200122_124638-300x225.jpg 300w, https:\/\/www.samanotavanalla.fi\/wp-content\/uploads\/2020\/01\/IMG_20200122_124638-1024x768.jpg 1024w, https:\/\/www.samanotavanalla.fi\/wp-content\/uploads\/2020\/01\/IMG_20200122_124638-768x576.jpg 768w, https:\/\/www.samanotavanalla.fi\/wp-content\/uploads\/2020\/01\/IMG_20200122_124638-1536x1152.jpg 1536w, https:\/\/www.samanotavanalla.fi\/wp-content\/uploads\/2020\/01\/IMG_20200122_124638-2048x1536.jpg 2048w, https:\/\/www.samanotavanalla.fi\/wp-content\/uploads\/2020\/01\/IMG_20200122_124638-1140x855.jpg 1140w\" sizes=\"(max-width: 2560px) 100vw, 2560px\" \/><\/a><\/p>\n<p>&nbsp;<\/p>\n<p>Joku sanoi viisaasti (en yht\u00e4\u00e4n muista kuka, varmaan monikin on t\u00e4st\u00e4 puhunut), ett\u00e4 ihmisten el\u00e4m\u00e4 muodostuu miljoonista ja miljoonista mikrop\u00e4\u00e4t\u00f6ksist\u00e4. Pienist\u00e4 arjen teoista ja valinnoista.<\/p>\n<p>&nbsp;<\/p>\n<p>Usein me tehd\u00e4\u00e4n n\u00e4it\u00e4 mikrop\u00e4\u00e4t\u00f6ksi\u00e4 tiedostamatta ja huomaamatta, mutta niill\u00e4 me muokataan el\u00e4m\u00e4\u00e4mme siihen suuntaan mihin se menee. T\u00e4m\u00e4 p\u00e4tee niin sy\u00f6misen, liikkumisen, kuluttamisen ja ihan mink\u00e4 tahansa suhteen.<\/p>\n<p>&nbsp;<\/p>\n<p>Tai jos miettii vaikka t\u00e4t\u00e4 nykyajan aika- ja energiasy\u00f6pp\u00f6\u00e4 eli internetti\u00e4 ja virtuaalista maailmaa. Kuinka monta klikkausp\u00e4\u00e4t\u00f6st\u00e4 sit\u00e4 p\u00e4iv\u00e4n aikana huomaamatta tekeek\u00e4\u00e4n, ja tulee k\u00e4ytt\u00e4neeksi ihan tolkuttomasti aikaa totaalisen tyhj\u00e4np\u00e4iv\u00e4isiin asioihin.\u00a0Enk\u00e4 sano, ett\u00e4 kaiken toiminnan pit\u00e4isi olla t\u00e4rke\u00e4\u00e4 ja hy\u00f6dyllist\u00e4, mutta olisi edes kivaa tai itselle merkityksellist\u00e4.<\/p>\n<p>&nbsp;<\/p>\n<p>Mutta jos haluaa muuttaa el\u00e4m\u00e4\u00e4ns\u00e4, niin se harvoin tapahtuu kertarys\u00e4yksell\u00e4. Se tapahtuu sill\u00e4, ett\u00e4 havahtuu turtumuksestaan ja oppii ensin havainnoimaan niit\u00e4 pieni\u00e4 mikrop\u00e4\u00e4t\u00f6ksi\u00e4 mit\u00e4 p\u00e4iv\u00e4n aikana tekee. Ja sitten ehk\u00e4 valitsemaan toisin, pieni p\u00e4\u00e4t\u00f6s kerrallaan. Ja yht\u00e4kki\u00e4 el\u00e4m\u00e4 voi saada ihan toisenlaisen suunnan.<\/p>\n<p>&nbsp;<\/p>\n<p>N\u00e4ill\u00e4 samoilla mikrop\u00e4\u00e4t\u00f6ksill\u00e4 ja teoilla, niin yksityisten ihmisten kuin yritysten ja valtioidenkin, my\u00f6s t\u00e4m\u00e4 maailma on saatu siihen jamaan, miss\u00e4 se nyt on.\u00a0Mutta t\u00e4llaisilla mikrop\u00e4\u00e4t\u00f6ksill\u00e4 se voidaan my\u00f6s muuttaa. Arjen pienill\u00e4 teoilla ja p\u00e4\u00e4t\u00f6ksill\u00e4, jotka kumuloituvat suuremmaksi muutokseksi. Mit\u00e4 suurempi laiva, sit\u00e4 hitaamminen se k\u00e4\u00e4ntyy.<\/p>\n<p>&nbsp;<\/p>\n<p>Voi aloittaa ihan vaikka sill\u00e4, ett\u00e4 mietti yh\u00e4 useammin siell\u00e4 kaupassa, ett\u00e4 tarvitsenko t\u00e4m\u00e4n vai haluanko t\u00e4m\u00e4n? Siin\u00e4 on nimitt\u00e4in yll\u00e4tt\u00e4v\u00e4n iso ero. Kannattaa kokeilla.<\/p>\n<p>&nbsp;<\/p>\n<p>Mukavaa alkavaa viikkoa!<\/p>\n","protected":false},"excerpt":{"rendered":"<p>Olen monta kertaa sanonut, ett\u00e4 vuodesta voisi poistaa kaksi kuukautta, marras- ja tammikuun. Jos marraskuu on tuskaisen pime\u00e4 ja loskainen, niin tammikuu on usein mit\u00e4\u00e4nsanomattoman harmaa ja kev\u00e4t tuntuu etenev\u00e4n kovin hitaasti. T\u00e4n\u00e4 vuonna kaikki on kuitenkin toisin. En muista, milloin tammikuu oliis tuntunut n\u00e4in hyv\u00e4lt\u00e4. Osaltaan johtuu siit\u00e4, ett\u00e4 koko talvi on tuntunut pitk\u00e4st\u00e4 aikaa jotenkin kummallisen siedett\u00e4v\u00e4lt\u00e4. Joulukin oli aika ihana, vaikka mit\u00e4\u00e4n ihmeellist\u00e4 ei tapahtunutkaan. Ehk\u00e4 t\u00e4m\u00e4 talvi on ollut jotenkin synkassa oman mielenmaiseman kanssa, ja lepo on tehnyt hyv\u00e4\u00e4. Ei ole tarvinnut mietti\u00e4 puutarhat\u00f6it\u00e4 tai syytt\u00e4\u00e4 itse\u00e4\u00e4n siit\u00e4, ett\u00e4 ei saa mit\u00e4\u00e4n aikaiseksi. Viime kes\u00e4h\u00e4n meni hampaita kiristellen, itse\u00e4 syytellen ja kahvia juoden. T\u00e4m\u00e4 talvi on mennyt lev\u00e4tess\u00e4. Tai lev\u00e4tess\u00e4 siin\u00e4 mieless\u00e4, ett\u00e4 en ole tehnyt mit\u00e4\u00e4n ylim\u00e4\u00e4r\u00e4ist\u00e4. Vain ne pakolliset. Ja nyt kev\u00e4\u00e4n tulo tuntuu tosi hyv\u00e4lt\u00e4. &nbsp; &nbsp; Osaltaan el\u00e4m\u00e4n on tehnyt mukavammaksi poikkeuksellisen leuto tammikuu. Ja muutenkin helppo ja stressit\u00f6n. Ajokelit ovat olleet hyv\u00e4t, lumit\u00f6it\u00e4 ei ole tarvinnut tehd\u00e4 ja puita on voinut kanniskella kaikessa rauhassa &#8211; talo on pysynyt l\u00e4mpim\u00e4n\u00e4 v\u00e4hemm\u00e4ll\u00e4kin. &nbsp; L\u00e4hes joka p\u00e4iv\u00e4 on paistanut aurinko, linnut sirkuttelee kev\u00e4isesti, eik\u00e4 ole tuntunut ollenkaan tammikuulta. Pikemminkin helmikuulta. Ehk\u00e4 toivomukseni on kuultu, ja tammikuu on kuin onkin poistunut vuodenkierrosta? &nbsp; &nbsp; Blogia kirjoittelen enemm\u00e4n vain mieless\u00e4ni. Jotenkin tuntuu, ett\u00e4 kun maailman tilanne on mik\u00e4 se on, t\u00e4m\u00e4n pit\u00e4isi olla aina jotenkin merkityksellist\u00e4, ja t\u00e4t\u00e4 mahdollisuutta pit\u00e4isi hy\u00f6dynt\u00e4\u00e4. Kirjoittaa t\u00e4rkeist\u00e4 asioista, tied\u00e4tteh\u00e4n? Mutta jos ja kun rima nousee liian korkealle, niin kirjoittaminen j\u00e4\u00e4 kokonaan. &nbsp; Tulee taas mieleen se Elisabeth Gilbertin luovien ihmisten luokittelu ahkeriin huithapeleihin ja laiskoihin perfektionisteihin. Min\u00e4h\u00e4n olen ehdottomasti ja kiistatta tuo j\u00e4lkimm\u00e4inen, ja j\u00e4lki on sitten sen n\u00e4k\u00f6ist\u00e4 &#8211; eli sit\u00e4 j\u00e4lke\u00e4 ei synny usein ollenkaan. &nbsp; Sohvalla maatessa p\u00e4\u00e4 on t\u00e4ynn\u00e4 hyvi\u00e4 suunnitelmia, sujuvia ja merkityksellisi\u00e4 blogipostauksia ja hienoja maalauksia. Puhumattakaan kaikista muista suunnitelmista, mutta toteutus j\u00e4\u00e4 uupumaan. En tajua, miksi se on niin vaikeaa. &nbsp; Pit\u00e4isi varmaan taas laittaa se &#8221;Just do it!&#8221;- juliste sein\u00e4lle. &nbsp; &nbsp; Joku sanoi viisaasti (en yht\u00e4\u00e4n muista kuka, varmaan monikin on t\u00e4st\u00e4 puhunut), ett\u00e4 ihmisten el\u00e4m\u00e4 muodostuu miljoonista ja miljoonista mikrop\u00e4\u00e4t\u00f6ksist\u00e4. Pienist\u00e4 arjen teoista ja valinnoista. &nbsp; Usein me tehd\u00e4\u00e4n n\u00e4it\u00e4 mikrop\u00e4\u00e4t\u00f6ksi\u00e4 tiedostamatta ja huomaamatta, mutta niill\u00e4 me muokataan el\u00e4m\u00e4\u00e4mme siihen suuntaan mihin se menee. T\u00e4m\u00e4 p\u00e4tee niin sy\u00f6misen, liikkumisen, kuluttamisen ja ihan mink\u00e4 tahansa suhteen. &nbsp; Tai jos miettii vaikka t\u00e4t\u00e4 nykyajan aika- ja energiasy\u00f6pp\u00f6\u00e4 eli internetti\u00e4 ja virtuaalista maailmaa. Kuinka monta klikkausp\u00e4\u00e4t\u00f6st\u00e4 sit\u00e4 p\u00e4iv\u00e4n aikana huomaamatta tekeek\u00e4\u00e4n, ja tulee k\u00e4ytt\u00e4neeksi ihan tolkuttomasti aikaa totaalisen tyhj\u00e4np\u00e4iv\u00e4isiin asioihin.\u00a0Enk\u00e4 sano, ett\u00e4 kaiken toiminnan pit\u00e4isi olla t\u00e4rke\u00e4\u00e4 ja hy\u00f6dyllist\u00e4, mutta olisi edes kivaa tai itselle merkityksellist\u00e4. &nbsp; Mutta jos haluaa muuttaa el\u00e4m\u00e4\u00e4ns\u00e4, niin se harvoin tapahtuu kertarys\u00e4yksell\u00e4. Se tapahtuu sill\u00e4, ett\u00e4 havahtuu turtumuksestaan ja oppii ensin havainnoimaan niit\u00e4 pieni\u00e4 mikrop\u00e4\u00e4t\u00f6ksi\u00e4 mit\u00e4 p\u00e4iv\u00e4n aikana tekee. Ja sitten ehk\u00e4 valitsemaan toisin, pieni p\u00e4\u00e4t\u00f6s kerrallaan. Ja yht\u00e4kki\u00e4 el\u00e4m\u00e4 voi saada ihan toisenlaisen suunnan. &nbsp; N\u00e4ill\u00e4 samoilla mikrop\u00e4\u00e4t\u00f6ksill\u00e4 ja teoilla, niin yksityisten ihmisten kuin yritysten ja valtioidenkin, my\u00f6s t\u00e4m\u00e4 maailma on saatu siihen jamaan, miss\u00e4 se nyt on.\u00a0Mutta t\u00e4llaisilla mikrop\u00e4\u00e4t\u00f6ksill\u00e4 se voidaan my\u00f6s muuttaa. Arjen pienill\u00e4 teoilla ja p\u00e4\u00e4t\u00f6ksill\u00e4, jotka kumuloituvat suuremmaksi muutokseksi. Mit\u00e4 suurempi laiva, sit\u00e4 hitaamminen se k\u00e4\u00e4ntyy. &nbsp; Voi aloittaa ihan vaikka sill\u00e4, ett\u00e4 mietti yh\u00e4 useammin siell\u00e4 kaupassa, ett\u00e4 tarvitsenko t\u00e4m\u00e4n vai haluanko t\u00e4m\u00e4n? Siin\u00e4 on nimitt\u00e4in yll\u00e4tt\u00e4v\u00e4n iso ero. Kannattaa kokeilla. &nbsp; Mukavaa alkavaa viikkoa!<\/p>\n","protected":false},"author":1,"featured_media":2569,"comment_status":"open","ping_status":"open","sticky":false,"template":"","format":"standard","meta":{"footnotes":""},"categories":[47],"tags":[52,54,15,41],"class_list":["post-2564","post","type-post","status-publish","format-standard","has-post-thumbnail","hentry","category-elamaa","tag-elamaa","tag-kuluttaminen","tag-mieli","tag-talvi"],"acf":[],"_links":{"self":[{"href":"https:\/\/www.samanotavanalla.fi\/index.php?rest_route=\/wp\/v2\/posts\/2564","targetHints":{"allow":["GET"]}}],"collection":[{"href":"https:\/\/www.samanotavanalla.fi\/index.php?rest_route=\/wp\/v2\/posts"}],"about":[{"href":"https:\/\/www.samanotavanalla.fi\/index.php?rest_route=\/wp\/v2\/types\/post"}],"author":[{"embeddable":true,"href":"https:\/\/www.samanotavanalla.fi\/index.php?rest_route=\/wp\/v2\/users\/1"}],"replies":[{"embeddable":true,"href":"https:\/\/www.samanotavanalla.fi\/index.php?rest_route=%2Fwp%2Fv2%2Fcomments&post=2564"}],"version-history":[{"count":16,"href":"https:\/\/www.samanotavanalla.fi\/index.php?rest_route=\/wp\/v2\/posts\/2564\/revisions"}],"predecessor-version":[{"id":2586,"href":"https:\/\/www.samanotavanalla.fi\/index.php?rest_route=\/wp\/v2\/posts\/2564\/revisions\/2586"}],"wp:featuredmedia":[{"embeddable":true,"href":"https:\/\/www.samanotavanalla.fi\/index.php?rest_route=\/wp\/v2\/media\/2569"}],"wp:attachment":[{"href":"https:\/\/www.samanotavanalla.fi\/index.php?rest_route=%2Fwp%2Fv2%2Fmedia&parent=2564"}],"wp:term":[{"taxonomy":"category","embeddable":true,"href":"https:\/\/www.samanotavanalla.fi\/index.php?rest_route=%2Fwp%2Fv2%2Fcategories&post=2564"},{"taxonomy":"post_tag","embeddable":true,"href":"https:\/\/www.samanotavanalla.fi\/index.php?rest_route=%2Fwp%2Fv2%2Ftags&post=2564"}],"curies":[{"name":"wp","href":"https:\/\/api.w.org\/{rel}","templated":true}]}}