{"id":2824,"date":"2020-08-27T10:10:14","date_gmt":"2020-08-27T10:10:14","guid":{"rendered":"https:\/\/www.samanotavanalla.fi\/?p=2824"},"modified":"2020-08-27T11:17:57","modified_gmt":"2020-08-27T11:17:57","slug":"2824","status":"publish","type":"post","link":"https:\/\/www.samanotavanalla.fi\/?p=2824","title":{"rendered":"Ei koronaa vaan kosmoksia"},"content":{"rendered":"<p>T\u00e4\u00e4ll\u00e4 kaikki hyvin, vaikka blogissa onkin ollut kovin hiljaista. Kaksi kuukautta on hurahtanut. Pit\u00e4isi kai sanoa, ett\u00e4 kes\u00e4 on hurahtanut, mutta kun en viel\u00e4 haluaisi luopua t\u00e4st\u00e4 kes\u00e4st\u00e4 &#8211; just vasta alkoi kosmokset kukkia. Mutta on siell\u00e4 jo ihan selv\u00e4\u00e4 kirpeytt\u00e4 ilmassa. Makuuhuoneen ikkuna pit\u00e4\u00e4 sulkea y\u00f6ksi ja aamuisin laittaa tulta hellaan.<\/p>\n<p>&nbsp;<\/p>\n<p>Elokuussa on aina jotain haikeansuloista. Puutarha ja kasvimaa on elokuussa usein parhaimmillaan ja iltojen h\u00e4m\u00e4ryys tuntuu mukavalta, mutta tuulessa on on jo aavistus tulevasta talvesta ja pitk\u00e4st\u00e4 pime\u00e4st\u00e4. Ilta-aurinko paistaa matalammalta ja saa varjot pitenem\u00e4\u00e4n. Vaikka syksyst\u00e4 pid\u00e4nkin, kes\u00e4 loppuu kuitenkin taas ihan liian pian.<\/p>\n<p>&nbsp;<\/p>\n<p><a href=\"https:\/\/www.samanotavanalla.fi\/wp-content\/uploads\/2020\/08\/IMG_20200811_215048-scaled.jpg\"><img fetchpriority=\"high\" decoding=\"async\" class=\"alignnone size-full wp-image-2829\" src=\"https:\/\/www.samanotavanalla.fi\/wp-content\/uploads\/2020\/08\/IMG_20200811_215048-scaled.jpg\" alt=\"\" width=\"2560\" height=\"1920\" srcset=\"https:\/\/www.samanotavanalla.fi\/wp-content\/uploads\/2020\/08\/IMG_20200811_215048-scaled.jpg 2560w, https:\/\/www.samanotavanalla.fi\/wp-content\/uploads\/2020\/08\/IMG_20200811_215048-300x225.jpg 300w, https:\/\/www.samanotavanalla.fi\/wp-content\/uploads\/2020\/08\/IMG_20200811_215048-1024x768.jpg 1024w, https:\/\/www.samanotavanalla.fi\/wp-content\/uploads\/2020\/08\/IMG_20200811_215048-768x576.jpg 768w, https:\/\/www.samanotavanalla.fi\/wp-content\/uploads\/2020\/08\/IMG_20200811_215048-1536x1152.jpg 1536w, https:\/\/www.samanotavanalla.fi\/wp-content\/uploads\/2020\/08\/IMG_20200811_215048-2048x1536.jpg 2048w, https:\/\/www.samanotavanalla.fi\/wp-content\/uploads\/2020\/08\/IMG_20200811_215048-1140x855.jpg 1140w\" sizes=\"(max-width: 2560px) 100vw, 2560px\" \/><\/a><\/p>\n<p>&nbsp;<\/p>\n<p>Mulla olisi niin paljon sanottavaa ja kirjoitettavaa, ett\u00e4 en tied\u00e4 mist\u00e4 aloittaa. Niinp\u00e4 en ole aloittanut mist\u00e4\u00e4n, ja on j\u00e4\u00e4nyt blogi kirjoittamatta. Olen sairastanut t\u00e4m\u00e4n kes\u00e4n aikana kolme flunssaa (vaikka en yht\u00e4\u00e4n koronaa), ja minulla on ollut hyv\u00e4\u00e4 aikaa kuunnella monta podcastia ja katsoa monta youtube-videota. Olen oppinut ja oivaltanut monta asiaa.<\/p>\n<p>&nbsp;<\/p>\n<p>Olisin halunnut kirjoittaa siit\u00e4, miten kaikki l\u00e4htee maasta ja maaper\u00e4st\u00e4. Ja siit\u00e4, miten vaarallisia kaikki myrkyt pihassa onkaan, vaikka ne olisivat kuinka &#8221;k\u00e4tevi\u00e4&#8221;. Miten ihan kaikella on luonnossa merkityksens\u00e4, ja miten meid\u00e4n ihmisten yhden kes\u00e4n perspektiivi on ihan liian lyhyt. Siit\u00e4kin olisin halunnut kirjoittaa, kuinka vuodet ovat erilaisia, ja aina joku my\u00f6s ep\u00e4onnistuu.<\/p>\n<p>&nbsp;<\/p>\n<p>N\u00e4m\u00e4 kaikki ovat monelle lukijalleni itsest\u00e4\u00e4nselvyyksi\u00e4, mutta yll\u00e4tt\u00e4v\u00e4n monelle ei. Puutarha-aiheisia facebook-ryhmi\u00e4 seuratessani olen h\u00e4mm\u00e4stynyt yh\u00e4 uudestaan monen intoa ostaa se roundup-pullo sielt\u00e4 kaupasta. Tai vihaa voikukkia kohtaan. Tai sit\u00e4, ett\u00e4 ihmiset haluavat pihaansa perhosia, mutta eiv\u00e4t sied\u00e4 niiden toukkia.<\/p>\n<p>&nbsp;<\/p>\n<p><a href=\"https:\/\/www.samanotavanalla.fi\/wp-content\/uploads\/2020\/08\/IMG_20200814_081031-scaled.jpg\"><img decoding=\"async\" class=\"alignnone size-full wp-image-2837\" src=\"https:\/\/www.samanotavanalla.fi\/wp-content\/uploads\/2020\/08\/IMG_20200814_081031-scaled.jpg\" alt=\"\" width=\"2560\" height=\"1920\" srcset=\"https:\/\/www.samanotavanalla.fi\/wp-content\/uploads\/2020\/08\/IMG_20200814_081031-scaled.jpg 2560w, https:\/\/www.samanotavanalla.fi\/wp-content\/uploads\/2020\/08\/IMG_20200814_081031-300x225.jpg 300w, https:\/\/www.samanotavanalla.fi\/wp-content\/uploads\/2020\/08\/IMG_20200814_081031-1024x768.jpg 1024w, https:\/\/www.samanotavanalla.fi\/wp-content\/uploads\/2020\/08\/IMG_20200814_081031-768x576.jpg 768w, https:\/\/www.samanotavanalla.fi\/wp-content\/uploads\/2020\/08\/IMG_20200814_081031-1536x1152.jpg 1536w, https:\/\/www.samanotavanalla.fi\/wp-content\/uploads\/2020\/08\/IMG_20200814_081031-2048x1536.jpg 2048w, https:\/\/www.samanotavanalla.fi\/wp-content\/uploads\/2020\/08\/IMG_20200814_081031-1140x855.jpg 1140w\" sizes=\"(max-width: 2560px) 100vw, 2560px\" \/><\/a><\/p>\n<p>&nbsp;<\/p>\n<p>Omallakaan pihalla ei kaikki ole mennyt ihan niin kuin suunnittelin, mutta ei se koskaan mene. En ole edelleenk\u00e4\u00e4n osannut p\u00e4\u00e4tt\u00e4\u00e4, mit\u00e4 teen tuon &#8221;oikean&#8221; kasvimaan suhteen ja siell\u00e4 kasvaa nyt vaan horsmaa. Se on siis edelleen suunnitteluasteella. Hein\u00e4kuussa meinasi itsellekin iske\u00e4 pieni ep\u00e4toivo. Oli kylm\u00e4\u00e4 ja sateista ja mik\u00e4\u00e4n ei kasvanut. Siis mik\u00e4\u00e4n istuttamani, kaikki muu kasvoi paremmin kuin hyvin.<\/p>\n<p>&nbsp;<\/p>\n<p>Mutta sitten elokuun alussa l\u00e4mp\u00f6 palasi, ikkunan alle kylv\u00e4m\u00e4ni pioniunikot yll\u00e4ttiv\u00e4t iloisesti ja kukkivat pitk\u00e4\u00e4n ja kauniisti, tomaatit rehottivat ja tekiv\u00e4t paljon pieni\u00e4 tomaatteja, porkkanat kasvoivat laatikossaan ja krassit kukoistivat. Villiksi luulemani vadelmat osoittautuivat puutarhavadelmiksi ja tuottivat hienon sadon. Ja nyt kosmokset kukkivat ja tuottavat iloa joka ainoa p\u00e4iv\u00e4. Pihalla on ollut nyt todella kaunista.<\/p>\n<p>&nbsp;<\/p>\n<p><a href=\"https:\/\/www.samanotavanalla.fi\/wp-content\/uploads\/2020\/08\/IMG_20200811_214908-scaled.jpg\"><img decoding=\"async\" class=\"alignnone size-full wp-image-2830\" src=\"https:\/\/www.samanotavanalla.fi\/wp-content\/uploads\/2020\/08\/IMG_20200811_214908-scaled.jpg\" alt=\"\" width=\"2560\" height=\"1920\" srcset=\"https:\/\/www.samanotavanalla.fi\/wp-content\/uploads\/2020\/08\/IMG_20200811_214908-scaled.jpg 2560w, https:\/\/www.samanotavanalla.fi\/wp-content\/uploads\/2020\/08\/IMG_20200811_214908-300x225.jpg 300w, https:\/\/www.samanotavanalla.fi\/wp-content\/uploads\/2020\/08\/IMG_20200811_214908-1024x768.jpg 1024w, https:\/\/www.samanotavanalla.fi\/wp-content\/uploads\/2020\/08\/IMG_20200811_214908-768x576.jpg 768w, https:\/\/www.samanotavanalla.fi\/wp-content\/uploads\/2020\/08\/IMG_20200811_214908-1536x1152.jpg 1536w, https:\/\/www.samanotavanalla.fi\/wp-content\/uploads\/2020\/08\/IMG_20200811_214908-2048x1536.jpg 2048w, https:\/\/www.samanotavanalla.fi\/wp-content\/uploads\/2020\/08\/IMG_20200811_214908-1140x855.jpg 1140w\" sizes=\"(max-width: 2560px) 100vw, 2560px\" \/><\/a><\/p>\n<p>&nbsp;<\/p>\n<p>T\u00e4n\u00e4 kes\u00e4n\u00e4 tuntui, ett\u00e4 lintuja oli enemm\u00e4n kuin koskaan aikaisemmin. Niiden laulu h\u00e4iritsi v\u00e4ill\u00e4 jopa nukkumistani (!), ja tunsin asuvani viidakossa. Erilaisia p\u00f6lytt\u00e4ji\u00e4 on ollut paljon enemm\u00e4n kuin viime kes\u00e4n\u00e4, ja viel\u00e4 nytkin kukat ovat t\u00e4ynn\u00e4 mehil\u00e4isi\u00e4. Pihani yll\u00e4 on p\u00e4ivitt\u00e4in py\u00f6rinyt hiirihaukkaperhe ja taloni takana n\u00e4kyv\u00e4n kelon p\u00e4\u00e4ss\u00e4 on istuskellut s\u00e4\u00e4ksi. Kes\u00e4 on ep\u00e4vakaisuudestaan huolimatta ollut aika hieno.<\/p>\n<p>&nbsp;<\/p>\n<p><a href=\"https:\/\/www.samanotavanalla.fi\/wp-content\/uploads\/2020\/08\/IMG_20200824_185422-scaled.jpg\"><img loading=\"lazy\" decoding=\"async\" class=\"alignnone size-full wp-image-2838\" src=\"https:\/\/www.samanotavanalla.fi\/wp-content\/uploads\/2020\/08\/IMG_20200824_185422-scaled.jpg\" alt=\"\" width=\"2560\" height=\"1920\" srcset=\"https:\/\/www.samanotavanalla.fi\/wp-content\/uploads\/2020\/08\/IMG_20200824_185422-scaled.jpg 2560w, https:\/\/www.samanotavanalla.fi\/wp-content\/uploads\/2020\/08\/IMG_20200824_185422-300x225.jpg 300w, https:\/\/www.samanotavanalla.fi\/wp-content\/uploads\/2020\/08\/IMG_20200824_185422-1024x768.jpg 1024w, https:\/\/www.samanotavanalla.fi\/wp-content\/uploads\/2020\/08\/IMG_20200824_185422-768x576.jpg 768w, https:\/\/www.samanotavanalla.fi\/wp-content\/uploads\/2020\/08\/IMG_20200824_185422-1536x1152.jpg 1536w, https:\/\/www.samanotavanalla.fi\/wp-content\/uploads\/2020\/08\/IMG_20200824_185422-2048x1536.jpg 2048w, https:\/\/www.samanotavanalla.fi\/wp-content\/uploads\/2020\/08\/IMG_20200824_185422-1140x855.jpg 1140w\" sizes=\"(max-width: 2560px) 100vw, 2560px\" \/><\/a><\/p>\n<p>&nbsp;<\/p>\n<p>Nyt istun t\u00e4\u00e4ll\u00e4 taas flunssaisena ja koronatestin tuloksia odotellen. Jouduin ottamaan testin ty\u00f6ni takia, vaikka uskonkin, ett\u00e4 t\u00e4m\u00e4 on ihan vain flunssaa. En osaa pel\u00e4t\u00e4, vaikka sit\u00e4 pelkoa meille koko ajan sy\u00f6tet\u00e4\u00e4nkin. Siit\u00e4kin haluaisin kirjoittaa, siit\u00e4 pelosta. Kuinka meid\u00e4t on saatu pelk\u00e4\u00e4m\u00e4\u00e4n sairastumista ja jokaista vastaantulijaa.<\/p>\n<p>&nbsp;<\/p>\n<p>Nyt jos koskaan kannattaa pit\u00e4\u00e4 p\u00e4\u00e4 kylm\u00e4n\u00e4, kysy\u00e4 ja kyseenalaistaa. K\u00e4ytt\u00e4\u00e4 sit\u00e4 maalaisj\u00e4rke\u00e4, jota meill\u00e4 suomalaisilla viel\u00e4 on. Eik\u00e4 se tietenk\u00e4\u00e4n tarkoita sit\u00e4, ett\u00e4 pit\u00e4isi aivastella naapurin kasvoille.<\/p>\n<p>&nbsp;<\/p>\n<p>Mukavia elokuun viimeisi\u00e4 p\u00e4ivi\u00e4. Nautitaan t\u00e4htitaivaasta ja mustikkametsist\u00e4 ja muistetaan hengitt\u00e4\u00e4 syv\u00e4\u00e4n kirpenev\u00e4\u00e4 ilmaa my\u00f6s ilman sit\u00e4 maskia. P\u00e4\u00e4asiassa ilman sit\u00e4.<\/p>\n<p>&nbsp;<\/p>\n<p>ps. tilasin eilen ensimm\u00e4iset siemenet ensi kes\u00e4ksi. Pelk\u00e4st\u00e4\u00e4n kukkia. Se tuntui nyt jotenkin erityisen t\u00e4rke\u00e4lt\u00e4 ja toi uskoa huomiseen.<\/p>\n<p>&nbsp;<\/p>\n","protected":false},"excerpt":{"rendered":"<p>T\u00e4\u00e4ll\u00e4 kaikki hyvin, vaikka blogissa onkin ollut kovin hiljaista. Kaksi kuukautta on hurahtanut. Pit\u00e4isi kai sanoa, ett\u00e4 kes\u00e4 on hurahtanut, mutta kun en viel\u00e4 haluaisi luopua t\u00e4st\u00e4 kes\u00e4st\u00e4 &#8211; just vasta alkoi kosmokset kukkia. Mutta on siell\u00e4 jo ihan selv\u00e4\u00e4 kirpeytt\u00e4 ilmassa. Makuuhuoneen ikkuna pit\u00e4\u00e4 sulkea y\u00f6ksi ja aamuisin laittaa tulta hellaan. &nbsp; Elokuussa on aina jotain haikeansuloista. Puutarha ja kasvimaa on elokuussa usein parhaimmillaan ja iltojen h\u00e4m\u00e4ryys tuntuu mukavalta, mutta tuulessa on on jo aavistus tulevasta talvesta ja pitk\u00e4st\u00e4 pime\u00e4st\u00e4. Ilta-aurinko paistaa matalammalta ja saa varjot pitenem\u00e4\u00e4n. Vaikka syksyst\u00e4 pid\u00e4nkin, kes\u00e4 loppuu kuitenkin taas ihan liian pian. &nbsp; &nbsp; Mulla olisi niin paljon sanottavaa ja kirjoitettavaa, ett\u00e4 en tied\u00e4 mist\u00e4 aloittaa. Niinp\u00e4 en ole aloittanut mist\u00e4\u00e4n, ja on j\u00e4\u00e4nyt blogi kirjoittamatta. Olen sairastanut t\u00e4m\u00e4n kes\u00e4n aikana kolme flunssaa (vaikka en yht\u00e4\u00e4n koronaa), ja minulla on ollut hyv\u00e4\u00e4 aikaa kuunnella monta podcastia ja katsoa monta youtube-videota. Olen oppinut ja oivaltanut monta asiaa. &nbsp; Olisin halunnut kirjoittaa siit\u00e4, miten kaikki l\u00e4htee maasta ja maaper\u00e4st\u00e4. Ja siit\u00e4, miten vaarallisia kaikki myrkyt pihassa onkaan, vaikka ne olisivat kuinka &#8221;k\u00e4tevi\u00e4&#8221;. Miten ihan kaikella on luonnossa merkityksens\u00e4, ja miten meid\u00e4n ihmisten yhden kes\u00e4n perspektiivi on ihan liian lyhyt. Siit\u00e4kin olisin halunnut kirjoittaa, kuinka vuodet ovat erilaisia, ja aina joku my\u00f6s ep\u00e4onnistuu. &nbsp; N\u00e4m\u00e4 kaikki ovat monelle lukijalleni itsest\u00e4\u00e4nselvyyksi\u00e4, mutta yll\u00e4tt\u00e4v\u00e4n monelle ei. Puutarha-aiheisia facebook-ryhmi\u00e4 seuratessani olen h\u00e4mm\u00e4stynyt yh\u00e4 uudestaan monen intoa ostaa se roundup-pullo sielt\u00e4 kaupasta. Tai vihaa voikukkia kohtaan. Tai sit\u00e4, ett\u00e4 ihmiset haluavat pihaansa perhosia, mutta eiv\u00e4t sied\u00e4 niiden toukkia. &nbsp; &nbsp; Omallakaan pihalla ei kaikki ole mennyt ihan niin kuin suunnittelin, mutta ei se koskaan mene. En ole edelleenk\u00e4\u00e4n osannut p\u00e4\u00e4tt\u00e4\u00e4, mit\u00e4 teen tuon &#8221;oikean&#8221; kasvimaan suhteen ja siell\u00e4 kasvaa nyt vaan horsmaa. Se on siis edelleen suunnitteluasteella. Hein\u00e4kuussa meinasi itsellekin iske\u00e4 pieni ep\u00e4toivo. Oli kylm\u00e4\u00e4 ja sateista ja mik\u00e4\u00e4n ei kasvanut. Siis mik\u00e4\u00e4n istuttamani, kaikki muu kasvoi paremmin kuin hyvin. &nbsp; Mutta sitten elokuun alussa l\u00e4mp\u00f6 palasi, ikkunan alle kylv\u00e4m\u00e4ni pioniunikot yll\u00e4ttiv\u00e4t iloisesti ja kukkivat pitk\u00e4\u00e4n ja kauniisti, tomaatit rehottivat ja tekiv\u00e4t paljon pieni\u00e4 tomaatteja, porkkanat kasvoivat laatikossaan ja krassit kukoistivat. Villiksi luulemani vadelmat osoittautuivat puutarhavadelmiksi ja tuottivat hienon sadon. Ja nyt kosmokset kukkivat ja tuottavat iloa joka ainoa p\u00e4iv\u00e4. Pihalla on ollut nyt todella kaunista. &nbsp; &nbsp; T\u00e4n\u00e4 kes\u00e4n\u00e4 tuntui, ett\u00e4 lintuja oli enemm\u00e4n kuin koskaan aikaisemmin. Niiden laulu h\u00e4iritsi v\u00e4ill\u00e4 jopa nukkumistani (!), ja tunsin asuvani viidakossa. Erilaisia p\u00f6lytt\u00e4ji\u00e4 on ollut paljon enemm\u00e4n kuin viime kes\u00e4n\u00e4, ja viel\u00e4 nytkin kukat ovat t\u00e4ynn\u00e4 mehil\u00e4isi\u00e4. Pihani yll\u00e4 on p\u00e4ivitt\u00e4in py\u00f6rinyt hiirihaukkaperhe ja taloni takana n\u00e4kyv\u00e4n kelon p\u00e4\u00e4ss\u00e4 on istuskellut s\u00e4\u00e4ksi. Kes\u00e4 on ep\u00e4vakaisuudestaan huolimatta ollut aika hieno. &nbsp; &nbsp; Nyt istun t\u00e4\u00e4ll\u00e4 taas flunssaisena ja koronatestin tuloksia odotellen. Jouduin ottamaan testin ty\u00f6ni takia, vaikka uskonkin, ett\u00e4 t\u00e4m\u00e4 on ihan vain flunssaa. En osaa pel\u00e4t\u00e4, vaikka sit\u00e4 pelkoa meille koko ajan sy\u00f6tet\u00e4\u00e4nkin. Siit\u00e4kin haluaisin kirjoittaa, siit\u00e4 pelosta. Kuinka meid\u00e4t on saatu pelk\u00e4\u00e4m\u00e4\u00e4n sairastumista ja jokaista vastaantulijaa. &nbsp; Nyt jos koskaan kannattaa pit\u00e4\u00e4 p\u00e4\u00e4 kylm\u00e4n\u00e4, kysy\u00e4 ja kyseenalaistaa. K\u00e4ytt\u00e4\u00e4 sit\u00e4 maalaisj\u00e4rke\u00e4, jota meill\u00e4 suomalaisilla viel\u00e4 on. Eik\u00e4 se tietenk\u00e4\u00e4n tarkoita sit\u00e4, ett\u00e4 pit\u00e4isi aivastella naapurin kasvoille. &nbsp; Mukavia elokuun viimeisi\u00e4 p\u00e4ivi\u00e4. Nautitaan t\u00e4htitaivaasta ja mustikkametsist\u00e4 ja muistetaan hengitt\u00e4\u00e4 syv\u00e4\u00e4n kirpenev\u00e4\u00e4 ilmaa my\u00f6s ilman sit\u00e4 maskia. P\u00e4\u00e4asiassa ilman sit\u00e4. &nbsp; ps. tilasin eilen ensimm\u00e4iset siemenet ensi kes\u00e4ksi. Pelk\u00e4st\u00e4\u00e4n kukkia. Se tuntui nyt jotenkin erityisen t\u00e4rke\u00e4lt\u00e4 ja toi uskoa huomiseen. &nbsp;<\/p>\n","protected":false},"author":1,"featured_media":2836,"comment_status":"open","ping_status":"open","sticky":false,"template":"","format":"standard","meta":{"footnotes":""},"categories":[47,50],"tags":[14,21,13,38],"class_list":["post-2824","post","type-post","status-publish","format-standard","has-post-thumbnail","hentry","category-elamaa","category-puutarha","tag-kasvimaa","tag-kesa","tag-puutarha","tag-syksy"],"acf":[],"_links":{"self":[{"href":"https:\/\/www.samanotavanalla.fi\/index.php?rest_route=\/wp\/v2\/posts\/2824","targetHints":{"allow":["GET"]}}],"collection":[{"href":"https:\/\/www.samanotavanalla.fi\/index.php?rest_route=\/wp\/v2\/posts"}],"about":[{"href":"https:\/\/www.samanotavanalla.fi\/index.php?rest_route=\/wp\/v2\/types\/post"}],"author":[{"embeddable":true,"href":"https:\/\/www.samanotavanalla.fi\/index.php?rest_route=\/wp\/v2\/users\/1"}],"replies":[{"embeddable":true,"href":"https:\/\/www.samanotavanalla.fi\/index.php?rest_route=%2Fwp%2Fv2%2Fcomments&post=2824"}],"version-history":[{"count":12,"href":"https:\/\/www.samanotavanalla.fi\/index.php?rest_route=\/wp\/v2\/posts\/2824\/revisions"}],"predecessor-version":[{"id":2845,"href":"https:\/\/www.samanotavanalla.fi\/index.php?rest_route=\/wp\/v2\/posts\/2824\/revisions\/2845"}],"wp:featuredmedia":[{"embeddable":true,"href":"https:\/\/www.samanotavanalla.fi\/index.php?rest_route=\/wp\/v2\/media\/2836"}],"wp:attachment":[{"href":"https:\/\/www.samanotavanalla.fi\/index.php?rest_route=%2Fwp%2Fv2%2Fmedia&parent=2824"}],"wp:term":[{"taxonomy":"category","embeddable":true,"href":"https:\/\/www.samanotavanalla.fi\/index.php?rest_route=%2Fwp%2Fv2%2Fcategories&post=2824"},{"taxonomy":"post_tag","embeddable":true,"href":"https:\/\/www.samanotavanalla.fi\/index.php?rest_route=%2Fwp%2Fv2%2Ftags&post=2824"}],"curies":[{"name":"wp","href":"https:\/\/api.w.org\/{rel}","templated":true}]}}