{"id":466,"date":"2017-06-27T14:37:18","date_gmt":"2017-06-27T14:37:18","guid":{"rendered":"http:\/\/www.samanotavanalla.fi\/?p=466"},"modified":"2019-08-13T15:04:55","modified_gmt":"2019-08-13T15:04:55","slug":"kesakuulumisia","status":"publish","type":"post","link":"https:\/\/www.samanotavanalla.fi\/?p=466","title":{"rendered":"Kes\u00e4kuulumisia"},"content":{"rendered":"<p><a href=\"https:\/\/www.samanotavanalla.fi\/wp-content\/uploads\/2017\/06\/fullsizeoutput_32d2.jpeg\"><img fetchpriority=\"high\" decoding=\"async\" class=\"alignnone size-full wp-image-1396\" src=\"https:\/\/www.samanotavanalla.fi\/wp-content\/uploads\/2017\/06\/fullsizeoutput_32d2.jpeg\" alt=\"\" width=\"5013\" height=\"3008\" srcset=\"https:\/\/www.samanotavanalla.fi\/wp-content\/uploads\/2017\/06\/fullsizeoutput_32d2.jpeg 5013w, https:\/\/www.samanotavanalla.fi\/wp-content\/uploads\/2017\/06\/fullsizeoutput_32d2-300x180.jpeg 300w, https:\/\/www.samanotavanalla.fi\/wp-content\/uploads\/2017\/06\/fullsizeoutput_32d2-768x461.jpeg 768w, https:\/\/www.samanotavanalla.fi\/wp-content\/uploads\/2017\/06\/fullsizeoutput_32d2-1024x614.jpeg 1024w\" sizes=\"(max-width: 5013px) 100vw, 5013px\" \/><\/a><\/p>\n<p>&nbsp;<\/p>\n<p>Viime kirjoituksesta on hujahtanut l\u00e4hes kuukausi ja ainakin puutarhat\u00f6iden osalta se on mennyt v\u00e4h\u00e4n kes\u00e4\u00e4 odotellessa. T\u00e4\u00e4ll\u00e4 on koettu useamman p\u00e4iv\u00e4n kaatosateita ja l\u00e4hes halla\u00f6it\u00e4. V\u00e4lill\u00e4 on joutanut oikein ty\u00f6st\u00e4m\u00e4\u00e4n ajatusta siit\u00e4, ett\u00e4 mit\u00e4 se pohjoisen kes\u00e4 nyt oikein tarkoittaakaan. Aika monet kes\u00e4n reunaehdot ovat nimitt\u00e4in t\u00e4yttyneet: on valoisia \u00f6it\u00e4, on vihreytt\u00e4 ja vehreytt\u00e4, on linnunlaulua ja kukkivat tienpientareet. Mutta sit\u00e4 kes\u00e4ist\u00e4 l\u00e4mp\u00f6\u00e4 ei ole juurikaan ollut.<\/p>\n<p>&nbsp;<\/p>\n<p>Vein oikein tuolin tuonne kasvimaan reunalle, ett\u00e4 voin siell\u00e4 sitten kitkemisen lomassa lepuuttaa v\u00e4synytt\u00e4 selk\u00e4\u00e4ni, mutta sille tuolille ei ole ollut hirve\u00e4sti k\u00e4ytt\u00f6\u00e4. Edes rikkaruohot ei kasva. Eik\u00e4 siell\u00e4 olisi edes tarennut istuskella. Aika monet istuttamani siemenet ovat joko uineet kaatosateiden aiheuttamien tulvien mukana muualle tai uponneet multaan &#8211; siit\u00e4 huolimatta, ett\u00e4 olivat silloin viel\u00e4 harsokankaan alla suojassa. Ne, jotka ovat sinnitelleet pieniksi taimen aluiksi, ovat punertuneet kylm\u00e4st\u00e4.<\/p>\n<p>&nbsp;<\/p>\n<p>No, joku viisas on kerran todennut, ett\u00e4 jokainen puutarhatarina on tarina my\u00f6s siit\u00e4, mik\u00e4 ei onnistunut &#8211; niin t\u00e4n\u00e4kin vuonna. Lehtikaalit porskuttaa kuitenkin harson alla viimevuotiseen tyyliin, ja jos t\u00e4ss\u00e4 nyt jonkinlainen pieni l\u00e4mp\u00f6aalto saataisiin niskaan, niin saattaa siell\u00e4 joku muukin viel\u00e4 inostua kasvamaan. Ja jos ei, niin ainakin luonnon itse istuttamat ja hoitamat niittykukat kukoistaa. Suunnitelmissa onkin l\u00e4hte\u00e4 nokkoseen ennen kuin p\u00e4\u00e4see mustikkaan.<\/p>\n<p>&nbsp;<\/p>\n<p><a href=\"http:\/\/www.samanotavanalla.fi\/wp-content\/uploads\/2017\/04\/cropped-fullsizeoutput_1c50.jpeg\"><img decoding=\"async\" class=\"alignnone size-full wp-image-38\" src=\"http:\/\/www.samanotavanalla.fi\/wp-content\/uploads\/2017\/04\/cropped-fullsizeoutput_1c50.jpeg\" alt=\"\" width=\"2000\" height=\"1198\" srcset=\"https:\/\/www.samanotavanalla.fi\/wp-content\/uploads\/2017\/04\/cropped-fullsizeoutput_1c50.jpeg 2000w, https:\/\/www.samanotavanalla.fi\/wp-content\/uploads\/2017\/04\/cropped-fullsizeoutput_1c50-300x180.jpeg 300w, https:\/\/www.samanotavanalla.fi\/wp-content\/uploads\/2017\/04\/cropped-fullsizeoutput_1c50-768x460.jpeg 768w, https:\/\/www.samanotavanalla.fi\/wp-content\/uploads\/2017\/04\/cropped-fullsizeoutput_1c50-1024x613.jpeg 1024w\" sizes=\"(max-width: 2000px) 100vw, 2000px\" \/><\/a><\/p>\n<p>&nbsp;<\/p>\n<p>Tarkoitus ei ole siis valittaa, kunhan raportoin. Kaikesta huolimatta kes\u00e4 on tuntunut kes\u00e4lle ja t\u00e4m\u00e4 ensimm\u00e4inen lomap\u00e4tk\u00e4 lomalle. Juhannusviikonloppu meni taiteillessa oikein opettajan ohjauksessa. Olen onnellinen.<\/p>\n<p>Lomalukemisena on kirjahyllyst\u00e4 l\u00f6ytynyt Anthony de Mellon &#8221;Havahtuminen&#8221; ja sit\u00e4 voin suositella l\u00e4mpim\u00e4sti teillekin. Se on henkinen (vai hengellinen) el\u00e4m\u00e4ntaito-opus, jota lukiessa on saanut nauraa makeasti \u00e4\u00e4neen jo monta kertaa. Niin oivaltavasti ja ter\u00e4v\u00e4sti siin\u00e4 kuvataan t\u00e4t\u00e4 ihmisen olemisen hulluutta.<\/p>\n<p>Sit\u00e4 ei kannatta kuitenkaan ahmia kokonaan yhdell\u00e4 kertaa, vaan kappale kerrallaan. Kappaleet ovat sopivan lyhyit\u00e4, ett\u00e4 ehtii aina sadetta karkuun sis\u00e4lle, hah. No t\u00e4n\u00e4\u00e4n paistaa aurinko ja on ihanan kes\u00e4inen p\u00e4iv\u00e4. Nautitaan siit\u00e4. Ja puutarhassa tai kasvimaalla voi taas muistella Aale Tynin ihanaa runoa. Ei t\u00e4m\u00e4 ole niin vakavaa. Ei edes puutarhanhoito.<\/p>\n<p>&nbsp;<\/p>\n<p style=\"text-align: center;\"><em><span style=\"color: #008000;\">Puutarhurin laulu<\/span><\/em><\/p>\n<p style=\"text-align: center;\"><em><span style=\"color: #008000;\">Min\u00e4 kylv\u00e4n vihre\u00e4n nurmikon, joka kasvaa apilaa;<\/span><\/em><br \/>\n<em> <span style=\"color: #008000;\">ja vehmaalta tuoksuu tarhassa, kun tuuli puhaltaa.<\/span><\/em><br \/>\n<em> <span style=\"color: #008000;\">\u00c4l\u00e4 huolehdi turhaan tarhuri, saat siemenet it\u00e4m\u00e4\u00e4n.<\/span><\/em><br \/>\n<em> <span style=\"color: #008000;\">Voikukkia kasvaa varmasti ja vaikka et kylv\u00e4k\u00e4\u00e4n.<\/span><\/em><\/p>\n<p>&nbsp;<\/p>\n<p style=\"text-align: center;\"><em><span style=\"color: #008000;\">Min\u00e4 ruusun istutan tarhaani, jalon, vahvarunkoisen.<\/span><\/em><br \/>\n<em> <span style=\"color: #008000;\">Ja kun ruusu nuppunsa aukaisee, koko p\u00e4iv\u00e4n iloitsen.<\/span><\/em><br \/>\n<em> <span style=\"color: #008000;\">\u00c4l\u00e4 huolehdi turhaan tarhuri, saat ruususi kasvamaan.<\/span><\/em><br \/>\n<em> <span style=\"color: #008000;\">Ja sen piikit tunnet varmasti, jos kukka ei puhkeakaan.<\/span><\/em><\/p>\n<p>&nbsp;<\/p>\n<p style=\"text-align: center;\"><em><span style=\"color: #008000;\">Ja lintulautoja joukoittain panen puihin korkeisiin,\u00a0<\/span><\/em><br \/>\n<em> <span style=\"color: #008000;\">kun linnut aamulla laulavat, min\u00e4 her\u00e4\u00e4n s\u00e4veliin.<\/span><\/em><br \/>\n<em> <span style=\"color: #008000;\">\u00c4l\u00e4 huolehdi turhaan tarhuri, jos l\u00e4htev\u00e4t laulajat.<\/span><\/em><br \/>\n<em> <span style=\"color: #008000;\">Niin harakat saapuvat varmasti ja ne puissasi nauravat.<\/span><\/em><\/p>\n","protected":false},"excerpt":{"rendered":"<p>&nbsp; Viime kirjoituksesta on hujahtanut l\u00e4hes kuukausi ja ainakin puutarhat\u00f6iden osalta se on mennyt v\u00e4h\u00e4n kes\u00e4\u00e4 odotellessa. T\u00e4\u00e4ll\u00e4 on koettu useamman p\u00e4iv\u00e4n kaatosateita ja l\u00e4hes halla\u00f6it\u00e4. V\u00e4lill\u00e4 on joutanut oikein ty\u00f6st\u00e4m\u00e4\u00e4n ajatusta siit\u00e4, ett\u00e4 mit\u00e4 se pohjoisen kes\u00e4 nyt oikein tarkoittaakaan. Aika monet kes\u00e4n reunaehdot ovat nimitt\u00e4in t\u00e4yttyneet: on valoisia \u00f6it\u00e4, on vihreytt\u00e4 ja vehreytt\u00e4, on linnunlaulua ja kukkivat tienpientareet. Mutta sit\u00e4 kes\u00e4ist\u00e4 l\u00e4mp\u00f6\u00e4 ei ole juurikaan ollut. &nbsp; Vein oikein tuolin tuonne kasvimaan reunalle, ett\u00e4 voin siell\u00e4 sitten kitkemisen lomassa lepuuttaa v\u00e4synytt\u00e4 selk\u00e4\u00e4ni, mutta sille tuolille ei ole ollut hirve\u00e4sti k\u00e4ytt\u00f6\u00e4. Edes rikkaruohot ei kasva. Eik\u00e4 siell\u00e4 olisi edes tarennut istuskella. Aika monet istuttamani siemenet ovat joko uineet kaatosateiden aiheuttamien tulvien mukana muualle tai uponneet multaan &#8211; siit\u00e4 huolimatta, ett\u00e4 olivat silloin viel\u00e4 harsokankaan alla suojassa. Ne, jotka ovat sinnitelleet pieniksi taimen aluiksi, ovat punertuneet kylm\u00e4st\u00e4. &nbsp; No, joku viisas on kerran todennut, ett\u00e4 jokainen puutarhatarina on tarina my\u00f6s siit\u00e4, mik\u00e4 ei onnistunut &#8211; niin t\u00e4n\u00e4kin vuonna. Lehtikaalit porskuttaa kuitenkin harson alla viimevuotiseen tyyliin, ja jos t\u00e4ss\u00e4 nyt jonkinlainen pieni l\u00e4mp\u00f6aalto saataisiin niskaan, niin saattaa siell\u00e4 joku muukin viel\u00e4 inostua kasvamaan. Ja jos ei, niin ainakin luonnon itse istuttamat ja hoitamat niittykukat kukoistaa. Suunnitelmissa onkin l\u00e4hte\u00e4 nokkoseen ennen kuin p\u00e4\u00e4see mustikkaan. &nbsp; &nbsp; Tarkoitus ei ole siis valittaa, kunhan raportoin. Kaikesta huolimatta kes\u00e4 on tuntunut kes\u00e4lle ja t\u00e4m\u00e4 ensimm\u00e4inen lomap\u00e4tk\u00e4 lomalle. Juhannusviikonloppu meni taiteillessa oikein opettajan ohjauksessa. Olen onnellinen. Lomalukemisena on kirjahyllyst\u00e4 l\u00f6ytynyt Anthony de Mellon &#8221;Havahtuminen&#8221; ja sit\u00e4 voin suositella l\u00e4mpim\u00e4sti teillekin. Se on henkinen (vai hengellinen) el\u00e4m\u00e4ntaito-opus, jota lukiessa on saanut nauraa makeasti \u00e4\u00e4neen jo monta kertaa. Niin oivaltavasti ja ter\u00e4v\u00e4sti siin\u00e4 kuvataan t\u00e4t\u00e4 ihmisen olemisen hulluutta. Sit\u00e4 ei kannatta kuitenkaan ahmia kokonaan yhdell\u00e4 kertaa, vaan kappale kerrallaan. Kappaleet ovat sopivan lyhyit\u00e4, ett\u00e4 ehtii aina sadetta karkuun sis\u00e4lle, hah. No t\u00e4n\u00e4\u00e4n paistaa aurinko ja on ihanan kes\u00e4inen p\u00e4iv\u00e4. Nautitaan siit\u00e4. Ja puutarhassa tai kasvimaalla voi taas muistella Aale Tynin ihanaa runoa. Ei t\u00e4m\u00e4 ole niin vakavaa. Ei edes puutarhanhoito. &nbsp; Puutarhurin laulu Min\u00e4 kylv\u00e4n vihre\u00e4n nurmikon, joka kasvaa apilaa; ja vehmaalta tuoksuu tarhassa, kun tuuli puhaltaa. \u00c4l\u00e4 huolehdi turhaan tarhuri, saat siemenet it\u00e4m\u00e4\u00e4n. Voikukkia kasvaa varmasti ja vaikka et kylv\u00e4k\u00e4\u00e4n. &nbsp; Min\u00e4 ruusun istutan tarhaani, jalon, vahvarunkoisen. Ja kun ruusu nuppunsa aukaisee, koko p\u00e4iv\u00e4n iloitsen. \u00c4l\u00e4 huolehdi turhaan tarhuri, saat ruususi kasvamaan. Ja sen piikit tunnet varmasti, jos kukka ei puhkeakaan. &nbsp; Ja lintulautoja joukoittain panen puihin korkeisiin,\u00a0 kun linnut aamulla laulavat, min\u00e4 her\u00e4\u00e4n s\u00e4veliin. \u00c4l\u00e4 huolehdi turhaan tarhuri, jos l\u00e4htev\u00e4t laulajat. Niin harakat saapuvat varmasti ja ne puissasi nauravat.<\/p>\n","protected":false},"author":1,"featured_media":1398,"comment_status":"open","ping_status":"open","sticky":false,"template":"","format":"standard","meta":{"footnotes":""},"categories":[50],"tags":[21,13],"class_list":["post-466","post","type-post","status-publish","format-standard","has-post-thumbnail","hentry","category-puutarha","tag-kesa","tag-puutarha"],"acf":[],"_links":{"self":[{"href":"https:\/\/www.samanotavanalla.fi\/index.php?rest_route=\/wp\/v2\/posts\/466","targetHints":{"allow":["GET"]}}],"collection":[{"href":"https:\/\/www.samanotavanalla.fi\/index.php?rest_route=\/wp\/v2\/posts"}],"about":[{"href":"https:\/\/www.samanotavanalla.fi\/index.php?rest_route=\/wp\/v2\/types\/post"}],"author":[{"embeddable":true,"href":"https:\/\/www.samanotavanalla.fi\/index.php?rest_route=\/wp\/v2\/users\/1"}],"replies":[{"embeddable":true,"href":"https:\/\/www.samanotavanalla.fi\/index.php?rest_route=%2Fwp%2Fv2%2Fcomments&post=466"}],"version-history":[{"count":15,"href":"https:\/\/www.samanotavanalla.fi\/index.php?rest_route=\/wp\/v2\/posts\/466\/revisions"}],"predecessor-version":[{"id":2270,"href":"https:\/\/www.samanotavanalla.fi\/index.php?rest_route=\/wp\/v2\/posts\/466\/revisions\/2270"}],"wp:featuredmedia":[{"embeddable":true,"href":"https:\/\/www.samanotavanalla.fi\/index.php?rest_route=\/wp\/v2\/media\/1398"}],"wp:attachment":[{"href":"https:\/\/www.samanotavanalla.fi\/index.php?rest_route=%2Fwp%2Fv2%2Fmedia&parent=466"}],"wp:term":[{"taxonomy":"category","embeddable":true,"href":"https:\/\/www.samanotavanalla.fi\/index.php?rest_route=%2Fwp%2Fv2%2Fcategories&post=466"},{"taxonomy":"post_tag","embeddable":true,"href":"https:\/\/www.samanotavanalla.fi\/index.php?rest_route=%2Fwp%2Fv2%2Ftags&post=466"}],"curies":[{"name":"wp","href":"https:\/\/api.w.org\/{rel}","templated":true}]}}