{"id":521,"date":"2017-08-04T09:50:20","date_gmt":"2017-08-04T09:50:20","guid":{"rendered":"http:\/\/www.samanotavanalla.fi\/?p=521"},"modified":"2019-08-13T15:11:48","modified_gmt":"2019-08-13T15:11:48","slug":"hevosten-valisesta-ystavyydesta","status":"publish","type":"post","link":"https:\/\/www.samanotavanalla.fi\/?p=521","title":{"rendered":"Hevosten v\u00e4lisest\u00e4 yst\u00e4vyydest\u00e4"},"content":{"rendered":"<p>Hein\u00e4kuu oli taas omalta osaltani kiireist\u00e4 aikaa. Kun muut lomaili, olin itse t\u00f6iss\u00e4, ja sitten oli viel\u00e4 t\u00e4m\u00e4 vuotuinen el\u00e4intenhoitopesti. Hoitovastuu tosin lyheni viikolla suunnitellusta, joten se ei paljon rasittanut &#8211; oli oikeastaan pelkk\u00e4 ilo.<\/p>\n<p>Hevoset ovat siirtyneet kes\u00e4lomalle sinne aikaisemmilta vuosilta tuttuun paikkaan ja vanha porukka on taas osittain koossa. On kolme vanhaa tuttua ja sitten n\u00e4m\u00e4 kaksi uudempaa rouvaa, Stjerne ja Vilja. On suorastaan liikuttavaa n\u00e4hd\u00e4 kuinka onnellisia varsinkin kaksi poikaa, Tinden ja Blesen, ovat j\u00e4lleenn\u00e4kemisest\u00e4\u00e4n.<\/p>\n<p>&nbsp;<\/p>\n<p><a href=\"http:\/\/www.samanotavanalla.fi\/wp-content\/uploads\/2017\/08\/WP_20170721_18_52_58_Pro-2.jpg\"><img fetchpriority=\"high\" decoding=\"async\" class=\"alignnone size-full wp-image-523\" src=\"http:\/\/www.samanotavanalla.fi\/wp-content\/uploads\/2017\/08\/WP_20170721_18_52_58_Pro-2.jpg\" alt=\"\" width=\"1999\" height=\"1499\" srcset=\"https:\/\/www.samanotavanalla.fi\/wp-content\/uploads\/2017\/08\/WP_20170721_18_52_58_Pro-2.jpg 1999w, https:\/\/www.samanotavanalla.fi\/wp-content\/uploads\/2017\/08\/WP_20170721_18_52_58_Pro-2-300x225.jpg 300w, https:\/\/www.samanotavanalla.fi\/wp-content\/uploads\/2017\/08\/WP_20170721_18_52_58_Pro-2-768x576.jpg 768w, https:\/\/www.samanotavanalla.fi\/wp-content\/uploads\/2017\/08\/WP_20170721_18_52_58_Pro-2-1024x768.jpg 1024w\" sizes=\"(max-width: 1999px) 100vw, 1999px\" \/><\/a><\/p>\n<p>&nbsp;<\/p>\n<p>Liikuttavaa oli my\u00f6s se, miten onnellisia Tinden ja Juni ovat minun tapaamisestani &#8211; meh\u00e4n emme talvisaikaan ole tekemisiss\u00e4. Ei tarvitse hetke\u00e4k\u00e4\u00e4n pohtia, ett\u00e4 mahtavatko ne viel\u00e4 muistaa ja mit\u00e4 ne oikein ajattelevat. Korkeintaan miettiv\u00e4t, miksi t\u00e4m\u00e4 menee n\u00e4in. Miksi ei voida olla aina yhdess\u00e4. Sit\u00e4 mietin min\u00e4kin ja l\u00e4het\u00e4n toiveeni universumille.<\/p>\n<p>Ehk\u00e4 viel\u00e4 joku p\u00e4iv\u00e4.<\/p>\n<p>Tuntuu ihan k\u00e4sitt\u00e4m\u00e4tt\u00f6m\u00e4lle se, ett\u00e4 viel\u00e4 joku aika sitten oltiin virallisesti sit\u00e4 mielt\u00e4 ( ja jotkut varmasti edelleen ), ett\u00e4 el\u00e4imet eiv\u00e4t kykene samanlaisiin tunteisiin kuin ihmiset. Miten v\u00e4h\u00e4n me ymm\u00e4rret\u00e4\u00e4nk\u00e4\u00e4n. Itse uskon, ett\u00e4 el\u00e4imill\u00e4 on v\u00e4hint\u00e4\u00e4n yht\u00e4 syv\u00e4t tunteet kuin ihmisell\u00e4, mutta niilt\u00e4 puuttuu ego, ja se tekee niiden tunteista niin paljon puhtaampia.<\/p>\n<p>&nbsp;<\/p>\n","protected":false},"excerpt":{"rendered":"<p>Hein\u00e4kuu oli taas omalta osaltani kiireist\u00e4 aikaa. Kun muut lomaili, olin itse t\u00f6iss\u00e4, ja sitten oli viel\u00e4 t\u00e4m\u00e4 vuotuinen el\u00e4intenhoitopesti. Hoitovastuu tosin lyheni viikolla suunnitellusta, joten se ei paljon rasittanut &#8211; oli oikeastaan pelkk\u00e4 ilo. Hevoset ovat siirtyneet kes\u00e4lomalle sinne aikaisemmilta vuosilta tuttuun paikkaan ja vanha porukka on taas osittain koossa. On kolme vanhaa tuttua ja sitten n\u00e4m\u00e4 kaksi uudempaa rouvaa, Stjerne ja Vilja. On suorastaan liikuttavaa n\u00e4hd\u00e4 kuinka onnellisia varsinkin kaksi poikaa, Tinden ja Blesen, ovat j\u00e4lleenn\u00e4kemisest\u00e4\u00e4n. &nbsp; &nbsp; Liikuttavaa oli my\u00f6s se, miten onnellisia Tinden ja Juni ovat minun tapaamisestani &#8211; meh\u00e4n emme talvisaikaan ole tekemisiss\u00e4. Ei tarvitse hetke\u00e4k\u00e4\u00e4n pohtia, ett\u00e4 mahtavatko ne viel\u00e4 muistaa ja mit\u00e4 ne oikein ajattelevat. Korkeintaan miettiv\u00e4t, miksi t\u00e4m\u00e4 menee n\u00e4in. Miksi ei voida olla aina yhdess\u00e4. Sit\u00e4 mietin min\u00e4kin ja l\u00e4het\u00e4n toiveeni universumille. Ehk\u00e4 viel\u00e4 joku p\u00e4iv\u00e4. Tuntuu ihan k\u00e4sitt\u00e4m\u00e4tt\u00f6m\u00e4lle se, ett\u00e4 viel\u00e4 joku aika sitten oltiin virallisesti sit\u00e4 mielt\u00e4 ( ja jotkut varmasti edelleen ), ett\u00e4 el\u00e4imet eiv\u00e4t kykene samanlaisiin tunteisiin kuin ihmiset. Miten v\u00e4h\u00e4n me ymm\u00e4rret\u00e4\u00e4nk\u00e4\u00e4n. Itse uskon, ett\u00e4 el\u00e4imill\u00e4 on v\u00e4hint\u00e4\u00e4n yht\u00e4 syv\u00e4t tunteet kuin ihmisell\u00e4, mutta niilt\u00e4 puuttuu ego, ja se tekee niiden tunteista niin paljon puhtaampia. &nbsp;<\/p>\n","protected":false},"author":1,"featured_media":524,"comment_status":"open","ping_status":"open","sticky":false,"template":"","format":"standard","meta":{"footnotes":""},"categories":[47],"tags":[33,21,34],"class_list":["post-521","post","type-post","status-publish","format-standard","has-post-thumbnail","hentry","category-elamaa","tag-hevoset","tag-kesa","tag-ystavyys"],"acf":[],"_links":{"self":[{"href":"https:\/\/www.samanotavanalla.fi\/index.php?rest_route=\/wp\/v2\/posts\/521","targetHints":{"allow":["GET"]}}],"collection":[{"href":"https:\/\/www.samanotavanalla.fi\/index.php?rest_route=\/wp\/v2\/posts"}],"about":[{"href":"https:\/\/www.samanotavanalla.fi\/index.php?rest_route=\/wp\/v2\/types\/post"}],"author":[{"embeddable":true,"href":"https:\/\/www.samanotavanalla.fi\/index.php?rest_route=\/wp\/v2\/users\/1"}],"replies":[{"embeddable":true,"href":"https:\/\/www.samanotavanalla.fi\/index.php?rest_route=%2Fwp%2Fv2%2Fcomments&post=521"}],"version-history":[{"count":8,"href":"https:\/\/www.samanotavanalla.fi\/index.php?rest_route=\/wp\/v2\/posts\/521\/revisions"}],"predecessor-version":[{"id":2273,"href":"https:\/\/www.samanotavanalla.fi\/index.php?rest_route=\/wp\/v2\/posts\/521\/revisions\/2273"}],"wp:featuredmedia":[{"embeddable":true,"href":"https:\/\/www.samanotavanalla.fi\/index.php?rest_route=\/wp\/v2\/media\/524"}],"wp:attachment":[{"href":"https:\/\/www.samanotavanalla.fi\/index.php?rest_route=%2Fwp%2Fv2%2Fmedia&parent=521"}],"wp:term":[{"taxonomy":"category","embeddable":true,"href":"https:\/\/www.samanotavanalla.fi\/index.php?rest_route=%2Fwp%2Fv2%2Fcategories&post=521"},{"taxonomy":"post_tag","embeddable":true,"href":"https:\/\/www.samanotavanalla.fi\/index.php?rest_route=%2Fwp%2Fv2%2Ftags&post=521"}],"curies":[{"name":"wp","href":"https:\/\/api.w.org\/{rel}","templated":true}]}}